{"id":29578,"date":"2020-08-04T07:58:49","date_gmt":"2020-08-04T12:58:49","guid":{"rendered":"https:\/\/radionoticiascasanare.com\/inicio\/?p=29578"},"modified":"2020-08-04T07:58:49","modified_gmt":"2020-08-04T12:58:49","slug":"taller-de-prevencion-de-violencia-contra-la-mujer-se-llevara-a-cabo-este-jueves-06-de-agosto","status":"publish","type":"post","link":"https:\/\/radionoticiascasanare.com\/inicio\/taller-de-prevencion-de-violencia-contra-la-mujer-se-llevara-a-cabo-este-jueves-06-de-agosto\/","title":{"rendered":"Taller de prevenci\u00f3n de Violencia contra la mujer, se llevar\u00e1 a cabo este jueves 06 de agosto"},"content":{"rendered":"<div dir=\"ltr\">\n<figure id=\"attachment_29579\" aria-describedby=\"caption-attachment-29579\" style=\"width: 299px\" class=\"wp-caption alignleft\"><img fetchpriority=\"high\" decoding=\"async\" class=\" wp-image-29579\" src=\"https:\/\/radionoticiascasanare.com\/inicio\/wp-content\/uploads\/2020\/08\/Secretar\u00eda-de-la-Mujer-respondi\u00f3-inquietudes-de-los-Diputados-de-Casanare-288x192.jpeg\" alt=\"\" width=\"299\" height=\"199\" \/><figcaption id=\"caption-attachment-29579\" class=\"wp-caption-text\">canal2<\/figcaption><\/figure>\n<p>La Gobernaci\u00f3n de Casanare, a trav\u00e9s de la secretar\u00eda de la Mujer, en alianza con el Ministerio del Interior, realizar\u00e1n este 6 de agosto, a partir de las 2:00 pm el taller virtual en Fortalecimiento a las Entidades Territoriales en Prevenci\u00f3n de Violencia Contra la Mujer.<\/p><\/div>\n<div dir=\"ltr\"><\/div>\n<div dir=\"ltr\">La iniciativa, nace de una tarea de articulaci\u00f3n y gesti\u00f3n que se adelanta entre la Secretar\u00eda de la Mujer y el Ministerio, en busca de generar y fortalecer estrategias de prevenci\u00f3n hacia una problem\u00e1tica que golpea a muchas familias.<\/div>\n<div dir=\"ltr\"><\/div>\n<div dir=\"ltr\">Al respecto, Fabio Augusto Parra, subdirector para la Seguridad y Convivencia Ciudadana del Ministerio del Interior, afirm\u00f3 \u201c nos tiene muy orgullosos la tarea adelantada por la Gobernaci\u00f3n de Casanare. El trabajo de la Secretar\u00eda de la Mujer permite que m\u00e1s mujeres tengan un espacio donde ser escuchadas y atendidas de manera adecuada y eso es muy importante\u201d<\/div>\n<div dir=\"ltr\"><\/div>\n<div dir=\"ltr\">A la actividad, han sido invitados Alcaldes, Gestoras Sociales, Secretarios de Despacho, Fiscal\u00eda, Defensor\u00eda del Pueblo, Procuradur\u00eda, ICBF, Medicina Legal, entre otros.<\/p>\n<\/div>\n<div dir=\"ltr\">Fuente y Fotograf\u00eda Gobernaci\u00f3n de Casanare<\/div>\n","protected":false},"excerpt":{"rendered":"<p>La Gobernaci\u00f3n de Casanare, a trav\u00e9s de la secretar\u00eda de la Mujer, en alianza con el Ministerio del Interior, realizar\u00e1n este 6 de agosto, a partir de las 2:00 pm el taller virtual en Fortalecimiento a las Entidades Territoriales en Prevenci\u00f3n de Violencia Contra la Mujer. La iniciativa, nace de una tarea de articulaci\u00f3n y [&hellip;]<\/p>\n","protected":false},"author":1,"featured_media":0,"comment_status":"closed","ping_status":"closed","sticky":false,"template":"","format":"standard","meta":{"footnotes":""},"categories":[2,66,8492,8493,132,9680],"tags":[749,3,942,50,5705,250,1620,176,238,477,12167,115],"class_list":["post-29578","post","type-post","status-publish","format-standard","hentry","category-casanare","category-destacadas","category-noticias-casanare","category-noticias-de-casanare","category-orinoquia","category-region","tag-alcaldes","tag-casanare","tag-defensoria-del-pueblo","tag-fiscalia","tag-gestoras-sociales","tag-icbf","tag-medicina-legal","tag-procuraduria","tag-radio-noticias-casanare","tag-secretarios-de-despacho","tag-taller-virtual","tag-violencia-contra-la-mujer"],"_links":{"self":[{"href":"https:\/\/radionoticiascasanare.com\/inicio\/wp-json\/wp\/v2\/posts\/29578","targetHints":{"allow":["GET"]}}],"collection":[{"href":"https:\/\/radionoticiascasanare.com\/inicio\/wp-json\/wp\/v2\/posts"}],"about":[{"href":"https:\/\/radionoticiascasanare.com\/inicio\/wp-json\/wp\/v2\/types\/post"}],"author":[{"embeddable":true,"href":"https:\/\/radionoticiascasanare.com\/inicio\/wp-json\/wp\/v2\/users\/1"}],"replies":[{"embeddable":true,"href":"https:\/\/radionoticiascasanare.com\/inicio\/wp-json\/wp\/v2\/comments?post=29578"}],"version-history":[{"count":0,"href":"https:\/\/radionoticiascasanare.com\/inicio\/wp-json\/wp\/v2\/posts\/29578\/revisions"}],"wp:attachment":[{"href":"https:\/\/radionoticiascasanare.com\/inicio\/wp-json\/wp\/v2\/media?parent=29578"}],"wp:term":[{"taxonomy":"category","embeddable":true,"href":"https:\/\/radionoticiascasanare.com\/inicio\/wp-json\/wp\/v2\/categories?post=29578"},{"taxonomy":"post_tag","embeddable":true,"href":"https:\/\/radionoticiascasanare.com\/inicio\/wp-json\/wp\/v2\/tags?post=29578"}],"curies":[{"name":"wp","href":"https:\/\/api.w.org\/{rel}","templated":true}]}}