{"id":31255,"date":"2020-10-21T06:30:13","date_gmt":"2020-10-21T11:30:13","guid":{"rendered":"https:\/\/radionoticiascasanare.com\/inicio\/?p=31255"},"modified":"2020-10-21T06:30:13","modified_gmt":"2020-10-21T11:30:13","slug":"el-22-y-24-de-octubre-se-llevaran-a-cabo-jornadas-de-socializacion-para-titulacion-de-predios-en-centros-poblados-de-yopal","status":"publish","type":"post","link":"https:\/\/radionoticiascasanare.com\/inicio\/el-22-y-24-de-octubre-se-llevaran-a-cabo-jornadas-de-socializacion-para-titulacion-de-predios-en-centros-poblados-de-yopal\/","title":{"rendered":"El 22 y 24 de octubre, se llevar\u00e1n a cabo jornadas de socializaci\u00f3n para titulaci\u00f3n de predios en centros poblados de Yopal"},"content":{"rendered":"<p style=\"font-weight: 400;\"><img decoding=\"async\" class=\"wp-image-31256 alignleft\" src=\"https:\/\/radionoticiascasanare.com\/inicio\/wp-content\/uploads\/2020\/10\/PROGRAMA-DE-FORMALIZACION-DE-PROPIEDAD-1-96x192.jpg\" alt=\"\" width=\"124\" height=\"248\" \/>Como parte del programa de formalizaci\u00f3n de la propiedad que adelanta la Alcald\u00eda en convenio con la Superintendencia de Notariado y Registro; la Oficina Asesora de Planeaci\u00f3n convoca a los posibles beneficiarios a acudir a las jornadas de socializaci\u00f3n programadas en sus centros poblados.<\/p>\n<p style=\"font-weight: 400;\">La pr\u00f3xima jornada se realizar\u00e1 en el centro poblado de La Chaparrera, el jueves 22 de octubre, desde las 9:00 de la ma\u00f1ana en la cancha cubierta principal y en La Niata ser\u00e1 el 24 de octubre, a las 8:00 a.m., tambi\u00e9n en la cancha cubierta.<\/p>\n<p style=\"font-weight: 400;\">Los requisitos a tener en cuenta para ser beneficiarios de la titulaci\u00f3n de sus terrenos son los siguientes:<\/p>\n<ol>\n<li style=\"font-weight: 400;\">Aplica para predios bald\u00edos urbanos y fiscales<\/li>\n<li style=\"font-weight: 400;\">El beneficiario debe estar ocupando el predio de manera ininterrumpida por m\u00ednimo 10 a\u00f1os de anterioridad<\/li>\n<li style=\"font-weight: 400;\">No ser propietario o haber sido beneficiario de un subsidio familiar de vivienda, o de un cr\u00e9dito del Instituto de Cr\u00e9dito territorial.<\/li>\n<li style=\"font-weight: 400;\">La mejora o construcci\u00f3n debe tener destino habitacional<\/li>\n<li style=\"font-weight: 400;\">La vivienda no debe estar localizada en zonas de riesgo no mitigable, zonas insalubres, destinadas a un uso o servicio p\u00fablico o en un suelo de protecci\u00f3n<\/li>\n<li style=\"font-weight: 400;\">Paz y salvo del impuesto predial<\/li>\n<li style=\"font-weight: 400;\">No ser\u00e1n incluidos los predios que registren o tengan connotaci\u00f3n de propiedad privada<\/li>\n<li style=\"font-weight: 400;\">No ser\u00e1n incluidos lotes de terrenos sin construcci\u00f3n de vivienda (en estos casos se proceder\u00e1 a la enajenaci\u00f3n).<\/li>\n<\/ol>\n<p style=\"font-weight: 400;\">Las jornadas se est\u00e1n coordinando con los presidentes comunales y l\u00edderes de cada sector. De esa manera se busca que las personas por fin tengan su t\u00edtulo de propiedad y puedan acceder a beneficios como subsidios o cr\u00e9ditos para mejorar sus condiciones de vida.<\/p>\n<p>Fuente y Fotograf\u00eda Alcald\u00eda de Yopal<\/p>\n","protected":false},"excerpt":{"rendered":"<p>Como parte del programa de formalizaci\u00f3n de la propiedad que adelanta la Alcald\u00eda en convenio con la Superintendencia de Notariado y Registro; la Oficina Asesora de Planeaci\u00f3n convoca a los posibles beneficiarios a acudir a las jornadas de socializaci\u00f3n programadas en sus centros poblados. La pr\u00f3xima jornada se realizar\u00e1 en el centro poblado de La [&hellip;]<\/p>\n","protected":false},"author":1,"featured_media":0,"comment_status":"closed","ping_status":"closed","sticky":false,"template":"","format":"standard","meta":{"footnotes":""},"categories":[2,66,8492,8493,132,9680],"tags":[3,12701,877,917,238,4205,12434],"class_list":["post-31255","post","type-post","status-publish","format-standard","hentry","category-casanare","category-destacadas","category-noticias-casanare","category-noticias-de-casanare","category-orinoquia","category-region","tag-casanare","tag-jornadas-de-socializacion","tag-la-chaparrera","tag-la-niata","tag-radio-noticias-casanare","tag-requisitos","tag-titulacion-de-predios"],"_links":{"self":[{"href":"https:\/\/radionoticiascasanare.com\/inicio\/wp-json\/wp\/v2\/posts\/31255","targetHints":{"allow":["GET"]}}],"collection":[{"href":"https:\/\/radionoticiascasanare.com\/inicio\/wp-json\/wp\/v2\/posts"}],"about":[{"href":"https:\/\/radionoticiascasanare.com\/inicio\/wp-json\/wp\/v2\/types\/post"}],"author":[{"embeddable":true,"href":"https:\/\/radionoticiascasanare.com\/inicio\/wp-json\/wp\/v2\/users\/1"}],"replies":[{"embeddable":true,"href":"https:\/\/radionoticiascasanare.com\/inicio\/wp-json\/wp\/v2\/comments?post=31255"}],"version-history":[{"count":0,"href":"https:\/\/radionoticiascasanare.com\/inicio\/wp-json\/wp\/v2\/posts\/31255\/revisions"}],"wp:attachment":[{"href":"https:\/\/radionoticiascasanare.com\/inicio\/wp-json\/wp\/v2\/media?parent=31255"}],"wp:term":[{"taxonomy":"category","embeddable":true,"href":"https:\/\/radionoticiascasanare.com\/inicio\/wp-json\/wp\/v2\/categories?post=31255"},{"taxonomy":"post_tag","embeddable":true,"href":"https:\/\/radionoticiascasanare.com\/inicio\/wp-json\/wp\/v2\/tags?post=31255"}],"curies":[{"name":"wp","href":"https:\/\/api.w.org\/{rel}","templated":true}]}}