{"id":31440,"date":"2020-11-05T04:55:49","date_gmt":"2020-11-05T09:55:49","guid":{"rendered":"https:\/\/radionoticiascasanare.com\/inicio\/?p=31440"},"modified":"2020-11-05T04:55:49","modified_gmt":"2020-11-05T09:55:49","slug":"gobernador-de-casanare-elegido-por-sus-colegas-del-pais-como-delegado-ante-la-junta-nacional-de-educacion","status":"publish","type":"post","link":"https:\/\/radionoticiascasanare.com\/inicio\/gobernador-de-casanare-elegido-por-sus-colegas-del-pais-como-delegado-ante-la-junta-nacional-de-educacion\/","title":{"rendered":"Gobernador de Casanare elegido por sus colegas del pa\u00eds como delegado ante la junta Nacional de Educaci\u00f3n"},"content":{"rendered":"<p><img fetchpriority=\"high\" decoding=\"async\" class=\"size-medium wp-image-31441 alignleft\" src=\"https:\/\/radionoticiascasanare.com\/inicio\/wp-content\/uploads\/2020\/11\/Lic-Elisabeth-Ojeda-2-320x174.png\" alt=\"\" width=\"320\" height=\"174\" \/>El Gobernador de Casanare, Salom\u00f3n Andr\u00e9s Sanabria fue designado por sus colegas del pa\u00eds como representante ante la Junta Nacional de Educaci\u00f3n, JUNE; organismo de car\u00e1cter consultivo para la planeaci\u00f3n y dise\u00f1o de pol\u00edticas y estrategias, que se articulan con el Ministerio de Educaci\u00f3n Nacional.<\/p>\n<p>El Mandatario Seccional como representante de los gobernadores ante esta instancia tendr\u00e1 que aunar esfuerzos con el Gobierno Nacional, para fortalecer el sistema educativo en las regiones, en condiciones de calidad, integridad e igualdad para todos los estudiantes oficiales.<\/p>\n<p>Sanabria Chac\u00f3n adem\u00e1s tendr\u00e1 que velar para mejorar la prestaci\u00f3n del servicio en los territorios y ampliando para los ni\u00f1os, ni\u00f1as, adolescentes y j\u00f3venes nuevas oportunidades de aprendizaje, asegur\u00f3 la Licenciada Elisabeth Ojeda, Secretaria de Eduaci\u00f3n Departamental, quien confirm\u00f3 dicha elecci\u00f3n.<\/p>\n<p>&nbsp;<\/p>\n<p>Fuente y Fotograf\u00eda Gobernaci\u00f3n de Casanare<\/p>\n","protected":false},"excerpt":{"rendered":"<p>El Gobernador de Casanare, Salom\u00f3n Andr\u00e9s Sanabria fue designado por sus colegas del pa\u00eds como representante ante la Junta Nacional de Educaci\u00f3n, JUNE; organismo de car\u00e1cter consultivo para la planeaci\u00f3n y dise\u00f1o de pol\u00edticas y estrategias, que se articulan con el Ministerio de Educaci\u00f3n Nacional. El Mandatario Seccional como representante de los gobernadores ante esta [&hellip;]<\/p>\n","protected":false},"author":1,"featured_media":0,"comment_status":"closed","ping_status":"closed","sticky":false,"template":"","format":"standard","meta":{"footnotes":""},"categories":[2,66,8492,8493,132],"tags":[3,103,12777,12778,263,238,9996],"class_list":["post-31440","post","type-post","status-publish","format-standard","hentry","category-casanare","category-destacadas","category-noticias-casanare","category-noticias-de-casanare","category-orinoquia","tag-casanare","tag-gobernador-de-casanare","tag-june","tag-junta-nacional-de-educacion","tag-ministerio-de-educacion","tag-radio-noticias-casanare","tag-salomon-sanabria"],"_links":{"self":[{"href":"https:\/\/radionoticiascasanare.com\/inicio\/wp-json\/wp\/v2\/posts\/31440","targetHints":{"allow":["GET"]}}],"collection":[{"href":"https:\/\/radionoticiascasanare.com\/inicio\/wp-json\/wp\/v2\/posts"}],"about":[{"href":"https:\/\/radionoticiascasanare.com\/inicio\/wp-json\/wp\/v2\/types\/post"}],"author":[{"embeddable":true,"href":"https:\/\/radionoticiascasanare.com\/inicio\/wp-json\/wp\/v2\/users\/1"}],"replies":[{"embeddable":true,"href":"https:\/\/radionoticiascasanare.com\/inicio\/wp-json\/wp\/v2\/comments?post=31440"}],"version-history":[{"count":0,"href":"https:\/\/radionoticiascasanare.com\/inicio\/wp-json\/wp\/v2\/posts\/31440\/revisions"}],"wp:attachment":[{"href":"https:\/\/radionoticiascasanare.com\/inicio\/wp-json\/wp\/v2\/media?parent=31440"}],"wp:term":[{"taxonomy":"category","embeddable":true,"href":"https:\/\/radionoticiascasanare.com\/inicio\/wp-json\/wp\/v2\/categories?post=31440"},{"taxonomy":"post_tag","embeddable":true,"href":"https:\/\/radionoticiascasanare.com\/inicio\/wp-json\/wp\/v2\/tags?post=31440"}],"curies":[{"name":"wp","href":"https:\/\/api.w.org\/{rel}","templated":true}]}}