{"id":31810,"date":"2020-11-20T03:00:43","date_gmt":"2020-11-20T08:00:43","guid":{"rendered":"https:\/\/radionoticiascasanare.com\/inicio\/?p=31810"},"modified":"2020-11-20T03:00:43","modified_gmt":"2020-11-20T08:00:43","slug":"vicepresidenta-atiende-emergencia-invernal-en-norte-de-santander","status":"publish","type":"post","link":"https:\/\/radionoticiascasanare.com\/inicio\/vicepresidenta-atiende-emergencia-invernal-en-norte-de-santander\/","title":{"rendered":"Vicepresidenta atiende emergencia invernal en Norte de Santander"},"content":{"rendered":"<div><img fetchpriority=\"high\" decoding=\"async\" class=\" wp-image-31811 alignleft\" src=\"https:\/\/radionoticiascasanare.com\/inicio\/wp-content\/uploads\/2020\/11\/unnamed-3-320x192.jpg\" alt=\"\" width=\"298\" height=\"179\" \/>La Vicepresidente Marta Luc\u00eda Ram\u00edrez, monitorea personalmente la emergencia invernal que se vive en Norte de Santander, por causa de las fuertes lluvias, para brindar soluciones a las 2.948 familias afectadas en los 40 municipios del departamento. Desde el Puesto de Mando Unificado (PMU), que encabeza a esta hora en C\u00facuta, envi\u00f3 un mensaje de solidaridad y apoyo a los habitantes de la regi\u00f3n, y les record\u00f3 que no est\u00e1n solos ante esta calamidad. \u201cNorte de Santander est\u00e1 en la agenda de prioridades del Gobierno Nacional, todos los d\u00edas, y a todas las horas.<\/div>\n<div><\/div>\n<div>Por instrucciones del Presidente Iv\u00e1n Duque nos hemos repartido la tarea de hacer presencia en las zonas afectadas por la ola invernal, de trabajar con las autoridades locales, de ver cu\u00e1les medidas adicionales podemos desarrollar, de qu\u00e9 manera podemos acompa\u00f1ar al m\u00e1ximo a los gobernadores y alcaldes y, sobre todo, a la poblaci\u00f3n\u201d, enfatiz\u00f3.<\/div>\n<div><\/div>\n<div>En compa\u00f1\u00eda del director del Departamento Administrativo de la Presidencia de la Rep\u00fablica, Diego Molano; del gobernador, Silvano Serrano; y del alcalde de C\u00facuta, Jairo Y\u00e1\u00f1ez, la alta funcionaria recorrer\u00e1 algunos de los barrios afectados por las inundaciones en la ciudad, para conocer de primera mano las necesidades de la poblaci\u00f3n y entregar parte de los 2.000 kits que se distribuir\u00e1n entre los damnificados del departamento.<\/p>\n<\/div>\n<div>Fuente y Fotograf\u00eda Vicepresidencia de la Rep\u00fablica<\/div>\n","protected":false},"excerpt":{"rendered":"<p>La Vicepresidente Marta Luc\u00eda Ram\u00edrez, monitorea personalmente la emergencia invernal que se vive en Norte de Santander, por causa de las fuertes lluvias, para brindar soluciones a las 2.948 familias afectadas en los 40 municipios del departamento. Desde el Puesto de Mando Unificado (PMU), que encabeza a esta hora en C\u00facuta, envi\u00f3 un mensaje de [&hellip;]<\/p>\n","protected":false},"author":1,"featured_media":0,"comment_status":"closed","ping_status":"closed","sticky":false,"template":"","format":"standard","meta":{"footnotes":""},"categories":[168,51],"tags":[1045,12902,2265,439,238,3048,7742],"class_list":["post-31810","post","type-post","status-publish","format-standard","hentry","category-generales","category-nacional","tag-emergencia","tag-familias-afectadas","tag-nacional","tag-norte-de-santander","tag-radio-noticias-casanare","tag-temporada-invernal","tag-vicepresidencia"],"_links":{"self":[{"href":"https:\/\/radionoticiascasanare.com\/inicio\/wp-json\/wp\/v2\/posts\/31810","targetHints":{"allow":["GET"]}}],"collection":[{"href":"https:\/\/radionoticiascasanare.com\/inicio\/wp-json\/wp\/v2\/posts"}],"about":[{"href":"https:\/\/radionoticiascasanare.com\/inicio\/wp-json\/wp\/v2\/types\/post"}],"author":[{"embeddable":true,"href":"https:\/\/radionoticiascasanare.com\/inicio\/wp-json\/wp\/v2\/users\/1"}],"replies":[{"embeddable":true,"href":"https:\/\/radionoticiascasanare.com\/inicio\/wp-json\/wp\/v2\/comments?post=31810"}],"version-history":[{"count":0,"href":"https:\/\/radionoticiascasanare.com\/inicio\/wp-json\/wp\/v2\/posts\/31810\/revisions"}],"wp:attachment":[{"href":"https:\/\/radionoticiascasanare.com\/inicio\/wp-json\/wp\/v2\/media?parent=31810"}],"wp:term":[{"taxonomy":"category","embeddable":true,"href":"https:\/\/radionoticiascasanare.com\/inicio\/wp-json\/wp\/v2\/categories?post=31810"},{"taxonomy":"post_tag","embeddable":true,"href":"https:\/\/radionoticiascasanare.com\/inicio\/wp-json\/wp\/v2\/tags?post=31810"}],"curies":[{"name":"wp","href":"https:\/\/api.w.org\/{rel}","templated":true}]}}