{"id":31843,"date":"2020-11-20T08:50:44","date_gmt":"2020-11-20T13:50:44","guid":{"rendered":"https:\/\/radionoticiascasanare.com\/inicio\/?p=31843"},"modified":"2020-11-20T08:50:44","modified_gmt":"2020-11-20T13:50:44","slug":"medios-portugueses-confirman-la-salida-de-queiroz","status":"publish","type":"post","link":"https:\/\/radionoticiascasanare.com\/inicio\/medios-portugueses-confirman-la-salida-de-queiroz\/","title":{"rendered":"Medios portugueses confirman la salida de Queiroz"},"content":{"rendered":"<figure id=\"attachment_31844\" aria-describedby=\"caption-attachment-31844\" style=\"width: 300px\" class=\"wp-caption alignleft\"><img fetchpriority=\"high\" decoding=\"async\" class=\" wp-image-31844\" src=\"https:\/\/radionoticiascasanare.com\/inicio\/wp-content\/uploads\/2020\/11\/Queiroz-1-311x192.jpg\" alt=\"\" width=\"300\" height=\"185\" \/><figcaption id=\"caption-attachment-31844\" class=\"wp-caption-text\">elnuevosiglo.com<\/figcaption><\/figure>\n<p>Aunque a\u00fan no ha sido confirmada oficialmente\u00a0la salida del director t\u00e9cnico,\u00a0<strong>Carlos Queiroz, el medio portugu\u00e9s Record s\u00ed da por hecho su despido.<\/strong><\/p>\n<p>De acuerdo con el medio,<strong>\u00a0la salida habr\u00eda activado una cl\u00e1usula de rescisi\u00f3n bilateral que le costar\u00eda a la Federaci\u00f3n Colombiana de F\u00fatbol le costar\u00eda 2 millones de d\u00f3lare<\/strong>s. Al respecto, se estar\u00eda negociando un plan de pago escalonado.<\/p>\n<p><strong>Esta decisi\u00f3n de la FCF estar\u00eda motivada por el pobre rendimiento del seleccionado tricolor en los dos \u00faltimos partidos llev\u00f3 a lamentables resultados<\/strong>. El partido contra Uruguay dej\u00f3 un resulta de 3 a 0 y empeor\u00f3 a\u00fan m\u00e1s contra Ecuador, que llev\u00f3 a una goleada no vista hace m\u00e1s de 30 a\u00f1os:\u00a06 a 1.<\/p>\n<p>Estos resultados ubican a Colombia en la casilla 7, con-5 en diferencia de goles.<\/p>\n<p>Fuente y Fotograf\u00eda Elnuevosiglo.com<\/p>\n","protected":false},"excerpt":{"rendered":"<p>Aunque a\u00fan no ha sido confirmada oficialmente\u00a0la salida del director t\u00e9cnico,\u00a0Carlos Queiroz, el medio portugu\u00e9s Record s\u00ed da por hecho su despido. De acuerdo con el medio,\u00a0la salida habr\u00eda activado una cl\u00e1usula de rescisi\u00f3n bilateral que le costar\u00eda a la Federaci\u00f3n Colombiana de F\u00fatbol le costar\u00eda 2 millones de d\u00f3lares. Al respecto, se estar\u00eda negociando [&hellip;]<\/p>\n","protected":false},"author":1,"featured_media":0,"comment_status":"closed","ping_status":"closed","sticky":false,"template":"","format":"standard","meta":{"footnotes":""},"categories":[56,168,85],"tags":[8288,348,654,238,10329,12910],"class_list":["post-31843","post","type-post","status-publish","format-standard","hentry","category-deportes","category-generales","category-internacional","tag-carlos-queiroz","tag-deportes","tag-internacional","tag-radio-noticias-casanare","tag-salida","tag-seleccion-colombiana-de-futbol"],"_links":{"self":[{"href":"https:\/\/radionoticiascasanare.com\/inicio\/wp-json\/wp\/v2\/posts\/31843","targetHints":{"allow":["GET"]}}],"collection":[{"href":"https:\/\/radionoticiascasanare.com\/inicio\/wp-json\/wp\/v2\/posts"}],"about":[{"href":"https:\/\/radionoticiascasanare.com\/inicio\/wp-json\/wp\/v2\/types\/post"}],"author":[{"embeddable":true,"href":"https:\/\/radionoticiascasanare.com\/inicio\/wp-json\/wp\/v2\/users\/1"}],"replies":[{"embeddable":true,"href":"https:\/\/radionoticiascasanare.com\/inicio\/wp-json\/wp\/v2\/comments?post=31843"}],"version-history":[{"count":0,"href":"https:\/\/radionoticiascasanare.com\/inicio\/wp-json\/wp\/v2\/posts\/31843\/revisions"}],"wp:attachment":[{"href":"https:\/\/radionoticiascasanare.com\/inicio\/wp-json\/wp\/v2\/media?parent=31843"}],"wp:term":[{"taxonomy":"category","embeddable":true,"href":"https:\/\/radionoticiascasanare.com\/inicio\/wp-json\/wp\/v2\/categories?post=31843"},{"taxonomy":"post_tag","embeddable":true,"href":"https:\/\/radionoticiascasanare.com\/inicio\/wp-json\/wp\/v2\/tags?post=31843"}],"curies":[{"name":"wp","href":"https:\/\/api.w.org\/{rel}","templated":true}]}}