{"id":3233,"date":"2016-03-22T07:39:22","date_gmt":"2016-03-22T07:39:22","guid":{"rendered":"http:\/\/radionoticiascasanare.com\/inicio\/?p=3233"},"modified":"2016-03-22T07:39:22","modified_gmt":"2016-03-22T07:39:22","slug":"alexis-garcia-nuevo-tecnico-de-independiente-santa-fe","status":"publish","type":"post","link":"https:\/\/radionoticiascasanare.com\/inicio\/alexis-garcia-nuevo-tecnico-de-independiente-santa-fe\/","title":{"rendered":"Alexis Garc\u00eda, nuevo t\u00e9cnico de Independiente Santa Fe"},"content":{"rendered":"<div class=\"content_nota\">\n<p>Independiente Santa Fe confirm\u00f3 este lunes el nuevo cuerpo t\u00e9cnico del equipo cardenal, liderado por el entrenador chocoano Alexis Garc\u00eda.<\/p>\n<p>Mediante un comunicado el conjunto rojo confirm\u00f3, adem\u00e1s, que los asistentes t\u00e9cnicos ser\u00e1n Gerardo Bedoya y Carlos Valencia, mientras que el profesor Javier Arango oficiar\u00e1 como preparador f\u00edsico.<\/p>\n<p>Garc\u00eda ha dirigido en Once Caldas, Atl\u00e9tico Nacional, Deportivo Pereira, Bucaramanga, Centauros, La Equidad, Atl\u00e9tico Junior y Fortaleza, \u00faltimo club en el que estuvo.<\/p>\n<p>Su nombramiento se da un d\u00eda despu\u00e9s de la renuncia del uruguayo\u00a0Gerardo Pelusso, quien &#8220;dio un paso al costado&#8221; luego del mensaje publicado en redes sociales por el mediocampista argentino \u00d3mar P\u00e9rez, en el que lo acusaba de faltarle al respeto.<\/p>\n<p>&#8220;Los hechos que me llevaron a tomar esta medida comenzaron en el \u00faltimo entrenamiento del equipo, cuando Omar P\u00e9rez se retir\u00f3, no yendo a concentrar con el resto del plantel. Tras esa acci\u00f3n envi\u00f3 un comunicado en el que me involucra directamente. Luego un grupo de hinchas fueron al Hotel a insultarme y a realizar c\u00e1nticos en mi contra. De mi parte y como todos saben no suelo irme de ning\u00fan equipo de esta manera. Pero considero y consider\u00e9 que como entrenador del equipo y conjuntamente con mis colaboradores he dado todo para la instituci\u00f3n&#8221;, public\u00f3 este lunes Pelusso en su p\u00e1gina web.<\/p>\n<p>Fuente y fotograf\u00eda ElEspectador.com<\/p>\n<\/div>\n","protected":false},"excerpt":{"rendered":"<p>Independiente Santa Fe confirm\u00f3 este lunes el nuevo cuerpo t\u00e9cnico del equipo cardenal, liderado por el entrenador chocoano Alexis Garc\u00eda. Mediante un comunicado el conjunto rojo confirm\u00f3, adem\u00e1s, que los asistentes t\u00e9cnicos ser\u00e1n Gerardo Bedoya y Carlos Valencia, mientras que el profesor Javier Arango oficiar\u00e1 como preparador f\u00edsico. Garc\u00eda ha dirigido en Once Caldas, Atl\u00e9tico [&hellip;]<\/p>\n","protected":false},"author":1,"featured_media":0,"comment_status":"closed","ping_status":"closed","sticky":false,"template":"","format":"standard","meta":{"footnotes":""},"categories":[56],"tags":[547,153,166,154],"class_list":["post-3233","post","type-post","status-publish","format-standard","hentry","category-deportes","tag-alexis-garcia","tag-futbol","tag-liga-aguila","tag-santa-fe"],"_links":{"self":[{"href":"https:\/\/radionoticiascasanare.com\/inicio\/wp-json\/wp\/v2\/posts\/3233","targetHints":{"allow":["GET"]}}],"collection":[{"href":"https:\/\/radionoticiascasanare.com\/inicio\/wp-json\/wp\/v2\/posts"}],"about":[{"href":"https:\/\/radionoticiascasanare.com\/inicio\/wp-json\/wp\/v2\/types\/post"}],"author":[{"embeddable":true,"href":"https:\/\/radionoticiascasanare.com\/inicio\/wp-json\/wp\/v2\/users\/1"}],"replies":[{"embeddable":true,"href":"https:\/\/radionoticiascasanare.com\/inicio\/wp-json\/wp\/v2\/comments?post=3233"}],"version-history":[{"count":0,"href":"https:\/\/radionoticiascasanare.com\/inicio\/wp-json\/wp\/v2\/posts\/3233\/revisions"}],"wp:attachment":[{"href":"https:\/\/radionoticiascasanare.com\/inicio\/wp-json\/wp\/v2\/media?parent=3233"}],"wp:term":[{"taxonomy":"category","embeddable":true,"href":"https:\/\/radionoticiascasanare.com\/inicio\/wp-json\/wp\/v2\/categories?post=3233"},{"taxonomy":"post_tag","embeddable":true,"href":"https:\/\/radionoticiascasanare.com\/inicio\/wp-json\/wp\/v2\/tags?post=3233"}],"curies":[{"name":"wp","href":"https:\/\/api.w.org\/{rel}","templated":true}]}}