{"id":33647,"date":"2021-03-25T07:48:46","date_gmt":"2021-03-25T12:48:46","guid":{"rendered":"https:\/\/radionoticiascasanare.com\/inicio\/?p=33647"},"modified":"2021-03-25T07:48:46","modified_gmt":"2021-03-25T12:48:46","slug":"esteban-chaves-segundo-en-3-a-etapa-de-la-vuelta-a-cataluna","status":"publish","type":"post","link":"https:\/\/radionoticiascasanare.com\/inicio\/esteban-chaves-segundo-en-3-a-etapa-de-la-vuelta-a-cataluna\/","title":{"rendered":"Esteban Chaves, segundo en 3.\u00aa etapa de la Vuelta a Catalu\u00f1a"},"content":{"rendered":"<figure id=\"attachment_33656\" aria-describedby=\"caption-attachment-33656\" style=\"width: 311px\" class=\"wp-caption alignleft\"><img fetchpriority=\"high\" decoding=\"async\" class=\"size-medium wp-image-33656\" src=\"https:\/\/radionoticiascasanare.com\/inicio\/wp-content\/uploads\/2021\/03\/esteban_cahves_3_0-311x192.jpeg\" alt=\"\" width=\"311\" height=\"192\" \/><figcaption id=\"caption-attachment-33656\" class=\"wp-caption-text\">AFP-elnuevosiglo.com<\/figcaption><\/figure>\n<p>El pedalista colombiano\u00a0Esteban Chaves\u00a0se destac\u00f3 en la tercera etapa de la Vuelta a Catalu\u00f1a tras concluir en\u00a0segundo puesto\u00a0por 13 segundos por detr\u00e1s de\u00a0Adam Yates, ciclista del Ineos que asegur\u00f3 el primer lugar en la clasificaci\u00f3n general.<\/p>\n<p>En ese sentido, ahora el bogotano es noveno de la clasificaci\u00f3n general a un minuto 21 segundo.<\/p>\n<div class=\"twitter-tweet twitter-tweet-rendered\"><iframe id=\"twitter-widget-1\" class=\"\" title=\"Twitter Tweet\" src=\"https:\/\/platform.twitter.com\/embed\/Tweet.html?creatorScreenName=elnuevosiglo&amp;dnt=false&amp;embedId=twitter-widget-1&amp;frame=false&amp;hideCard=false&amp;hideThread=false&amp;id=1374754913058750469&amp;lang=es&amp;origin=http%3A%2F%2Fwww.elnuevosiglo.com.co%2Farticulos%2F03-24-2021-esteban-chaves-segundo-en-la-tercera-etapa-de-la-vuelta-cataluna&amp;siteScreenName=elnuevosiglo&amp;theme=light&amp;widgetsVersion=e1ffbdb%3A1614796141937&amp;width=550px\" frameborder=\"0\" scrolling=\"no\" allowfullscreen=\"allowfullscreen\" data-tweet-id=\"1374754913058750469\" data-mce-fragment=\"1\"><\/iframe><\/div>\n<p>Por su parte, Yates\u00a0desplaz\u00f3 del primer puesto de la general al portugu\u00e9s Joao Almeida (Deceuninck), al que s\u00f3lo le ha durado una etapa el liderato y cay\u00f3 al tercer puesto de la general.<\/p>\n<p>En la segunda plaza de la clasificaci\u00f3n por detr\u00e1s de Yates, se coloc\u00f3 el australiano Richie Porte, compa\u00f1ero de equipo del l\u00edder.<\/p>\n<p>La etapa se decidi\u00f3 en la dura subida\u00a0a\u00a0la estaci\u00f3n de Vallter 2000, con una pendiente media del 7,6%, cuando Yates, Valverde y el estadounidense Sepp Kuss (Jumbo-Visma) se fueron juntos\u00a0a\u00a05 km de la meta.<\/p>\n<p>Yates dio un \u00faltimo tir\u00f3n\u00a0a\u00a0menos de 2 km de meta para dejar atr\u00e1s\u00a0a\u00a0Kuss y acabar imponi\u00e9ndose en solitario.<\/p>\n<p>El jueves se correr\u00e1 la cuarta etapa de la\u00a0Vuelta\u00a0a\u00a0Catalu\u00f1a\u00a0de 166,5 km entre Ripoll y Port Ain\u00e9 con un puerto de primera categor\u00eda y dos de categor\u00eda especial, incluida la llegada.<\/p>\n<p>Fuente y Fotograf\u00eda Elnuevosiglo.com<\/p>\n","protected":false},"excerpt":{"rendered":"<p>El pedalista colombiano\u00a0Esteban Chaves\u00a0se destac\u00f3 en la tercera etapa de la Vuelta a Catalu\u00f1a tras concluir en\u00a0segundo puesto\u00a0por 13 segundos por detr\u00e1s de\u00a0Adam Yates, ciclista del Ineos que asegur\u00f3 el primer lugar en la clasificaci\u00f3n general. En ese sentido, ahora el bogotano es noveno de la clasificaci\u00f3n general a un minuto 21 segundo. Por su [&hellip;]<\/p>\n","protected":false},"author":1,"featured_media":0,"comment_status":"closed","ping_status":"closed","sticky":false,"template":"","format":"standard","meta":{"footnotes":""},"categories":[56,168,85],"tags":[1259,348,13623,654,238,4063,9742,13600],"class_list":["post-33647","post","type-post","status-publish","format-standard","hentry","category-deportes","category-generales","category-internacional","tag-ciclismo","tag-deportes","tag-esteban-chave","tag-internacional","tag-radio-noticias-casanare","tag-segundo","tag-tercera-etapa","tag-vuelta-a-cataluna"],"_links":{"self":[{"href":"https:\/\/radionoticiascasanare.com\/inicio\/wp-json\/wp\/v2\/posts\/33647","targetHints":{"allow":["GET"]}}],"collection":[{"href":"https:\/\/radionoticiascasanare.com\/inicio\/wp-json\/wp\/v2\/posts"}],"about":[{"href":"https:\/\/radionoticiascasanare.com\/inicio\/wp-json\/wp\/v2\/types\/post"}],"author":[{"embeddable":true,"href":"https:\/\/radionoticiascasanare.com\/inicio\/wp-json\/wp\/v2\/users\/1"}],"replies":[{"embeddable":true,"href":"https:\/\/radionoticiascasanare.com\/inicio\/wp-json\/wp\/v2\/comments?post=33647"}],"version-history":[{"count":0,"href":"https:\/\/radionoticiascasanare.com\/inicio\/wp-json\/wp\/v2\/posts\/33647\/revisions"}],"wp:attachment":[{"href":"https:\/\/radionoticiascasanare.com\/inicio\/wp-json\/wp\/v2\/media?parent=33647"}],"wp:term":[{"taxonomy":"category","embeddable":true,"href":"https:\/\/radionoticiascasanare.com\/inicio\/wp-json\/wp\/v2\/categories?post=33647"},{"taxonomy":"post_tag","embeddable":true,"href":"https:\/\/radionoticiascasanare.com\/inicio\/wp-json\/wp\/v2\/tags?post=33647"}],"curies":[{"name":"wp","href":"https:\/\/api.w.org\/{rel}","templated":true}]}}