{"id":34415,"date":"2021-05-05T07:32:57","date_gmt":"2021-05-05T12:32:57","guid":{"rendered":"https:\/\/radionoticiascasanare.com\/inicio\/?p=34415"},"modified":"2021-05-05T07:32:57","modified_gmt":"2021-05-05T12:32:57","slug":"anonymous-hackea-pagina-de-presidencia-ejercito-y-senado","status":"publish","type":"post","link":"https:\/\/radionoticiascasanare.com\/inicio\/anonymous-hackea-pagina-de-presidencia-ejercito-y-senado\/","title":{"rendered":"Anonymous hackea p\u00e1gina de Presidencia, Ej\u00e9rcito y Senado"},"content":{"rendered":"<figure id=\"attachment_34418\" aria-describedby=\"caption-attachment-34418\" style=\"width: 311px\" class=\"wp-caption alignleft\"><img fetchpriority=\"high\" decoding=\"async\" class=\"size-medium wp-image-34418\" src=\"https:\/\/radionoticiascasanare.com\/inicio\/wp-content\/uploads\/2021\/05\/anadolu-anonymous-311x192.jpg\" alt=\"\" width=\"311\" height=\"192\" \/><figcaption id=\"caption-attachment-34418\" class=\"wp-caption-text\">Anadolu-elnuevosiglo.com<\/figcaption><\/figure>\n<p>Este martes\u00a04 de mayo,<strong>\u00a0el grupo de hackers Anonymous hizo caer la p\u00e1gina web del Ej\u00e9rcito Nacional,\u00a0<\/strong>Presidencia y la del Senado de la Rep\u00fablica.<\/p>\n<p>El primer hecho se registr\u00f3 despu\u00e9s del medio d\u00eda, donde\u00a0la p\u00e1gina web del Ej\u00e9rcito dej\u00f3 de funcionar, sin que a esta hora la oficina de comunicaciones de la instituci\u00f3n militar haya explicado qu\u00e9 gener\u00f3 la ca\u00edda del sitio web.<\/p>\n<p>Luego Anonymous<strong>\u00a0hackeo la p\u00e1gina web del Senado de la Rep\u00fablica<\/strong>, que permaneci\u00f3 fuera de servicio durante un par de horas y hace poco\u00a0fue restablecida.<strong>\u00a0La p\u00e1gina de la Presidencia tambi\u00e9n estuvo ca\u00edda por unos minutos.<\/strong><\/p>\n<p>Asimismo, el grupo modific\u00f3\u00a0la informaci\u00f3n que aparec\u00eda en el perfil del Ej\u00e9rcito en la enciclopedia web Wikipedia. Desde la ma\u00f1ana de este martes el colectivo\u00a0<strong>Anonymous ha anunciado ataques cibern\u00e9ticos y filtraciones en lo que dicen es su manera de mostrar apoyo al paro nacional y las manifestaciones.<\/strong><\/p>\n<p>&nbsp;<\/p>\n<p>Por otro lado, en la ma\u00f1ana de este martes, el mismo grupo de hackers publicaron una lista con correos y contrase\u00f1as de miembros del Ej\u00e9rcito Nacional.<\/p>\n<p>A su vez el grupo se\u00f1al\u00f3\u00a0que \u201c<strong>sabotear\u00e1n cualquier tendencia que no sea relevante o que intente desviar la atenci\u00f3n de la sistem\u00e1tica violaci\u00f3n de los derechos humanos que se est\u00e1 produciendo hoy en Colombia\u201d.<\/strong><\/p>\n<p>Por ahora,\u00a0el\u00a0<strong>Ej\u00e9rcito no se ha pronunciado al respecto\u00a0<\/strong>y se desconoce\u00a0si la publicaci\u00f3n de Anonymous ha causado afectaciones o filtraci\u00f3n de informaci\u00f3n.<\/p>\n<p>Fuente y Fotograf\u00eda Elnuevosiglo.com<\/p>\n","protected":false},"excerpt":{"rendered":"<p>Este martes\u00a04 de mayo,\u00a0el grupo de hackers Anonymous hizo caer la p\u00e1gina web del Ej\u00e9rcito Nacional,\u00a0Presidencia y la del Senado de la Rep\u00fablica. El primer hecho se registr\u00f3 despu\u00e9s del medio d\u00eda, donde\u00a0la p\u00e1gina web del Ej\u00e9rcito dej\u00f3 de funcionar, sin que a esta hora la oficina de comunicaciones de la instituci\u00f3n militar haya explicado [&hellip;]<\/p>\n","protected":false},"author":1,"featured_media":0,"comment_status":"closed","ping_status":"closed","sticky":false,"template":"","format":"standard","meta":{"footnotes":""},"categories":[168,51],"tags":[13968,397,12144,654,450,13969,2265,13970,484,13971,238,418],"class_list":["post-34415","post","type-post","status-publish","format-standard","hentry","category-generales","category-nacional","tag-anonymus","tag-ejercito-nacional","tag-hackers","tag-internacional","tag-manifestaciones","tag-modificacion-de-informacion","tag-nacional","tag-paginas-web","tag-paro-nacional","tag-presidencia","tag-radio-noticias-casanare","tag-senado-de-la-republica"],"_links":{"self":[{"href":"https:\/\/radionoticiascasanare.com\/inicio\/wp-json\/wp\/v2\/posts\/34415","targetHints":{"allow":["GET"]}}],"collection":[{"href":"https:\/\/radionoticiascasanare.com\/inicio\/wp-json\/wp\/v2\/posts"}],"about":[{"href":"https:\/\/radionoticiascasanare.com\/inicio\/wp-json\/wp\/v2\/types\/post"}],"author":[{"embeddable":true,"href":"https:\/\/radionoticiascasanare.com\/inicio\/wp-json\/wp\/v2\/users\/1"}],"replies":[{"embeddable":true,"href":"https:\/\/radionoticiascasanare.com\/inicio\/wp-json\/wp\/v2\/comments?post=34415"}],"version-history":[{"count":0,"href":"https:\/\/radionoticiascasanare.com\/inicio\/wp-json\/wp\/v2\/posts\/34415\/revisions"}],"wp:attachment":[{"href":"https:\/\/radionoticiascasanare.com\/inicio\/wp-json\/wp\/v2\/media?parent=34415"}],"wp:term":[{"taxonomy":"category","embeddable":true,"href":"https:\/\/radionoticiascasanare.com\/inicio\/wp-json\/wp\/v2\/categories?post=34415"},{"taxonomy":"post_tag","embeddable":true,"href":"https:\/\/radionoticiascasanare.com\/inicio\/wp-json\/wp\/v2\/tags?post=34415"}],"curies":[{"name":"wp","href":"https:\/\/api.w.org\/{rel}","templated":true}]}}