{"id":3460,"date":"2016-04-04T05:08:46","date_gmt":"2016-04-04T05:08:46","guid":{"rendered":"http:\/\/radionoticiascasanare.com\/inicio\/?p=3460"},"modified":"2016-04-04T05:08:46","modified_gmt":"2016-04-04T05:08:46","slug":"gobernador-de-casanare-solicito-ante-asamblea-departamental-facultades-plenas-para-contratar","status":"publish","type":"post","link":"https:\/\/radionoticiascasanare.com\/inicio\/gobernador-de-casanare-solicito-ante-asamblea-departamental-facultades-plenas-para-contratar\/","title":{"rendered":"Gobernador de Casanare solicit\u00f3 ante Asamblea Departamental facultades plenas para contratar"},"content":{"rendered":"<p>El proyecto de Ordenanza que busca entregar facultades al Gobernador de Casanare, Alirio Barrera para contratar, es motivado para poder mover el presupuesto con lo que se tendr\u00e1 una din\u00e1mica m\u00e1s r\u00e1pida porque aunque se cuenta con los recursos no se pueden disponer al no contar con las facultades para hacerlo.<\/p>\n<p>La ponencia de la iniciativa le correspondi\u00f3 al Diputado Juli\u00e1n Roa, quien expres\u00f3 que se har\u00e1 el an\u00e1lisis correspondiente para ver en detalle las adiciones y modificaciones al presupuesto de ingresos y gastos al presupuesto de 2016 para que se tenga un espectro m\u00e1s detallado para debatir el proyecto.<\/p>\n<p>De ser aprobada las \u00a0facultades, el Mandatario Seccional tendr\u00eda libertad para hacer modificaciones en el presupuesto en lo que crea necesario, especialmente en el tema de salud y educaci\u00f3n que son temas prioritarios y que no se ha podido avanzar.<\/p>\n<p>Dentro del estudio del proyecto de ordenanza, se evaluar\u00e1 por cu\u00e1nto tiempo se van a dar esas facultades y se definir\u00e1 a que sectores se asignan los recursos, en que se est\u00e1n invirtiendo y como se est\u00e1n invirtiendo, de tal manera que beneficien realmente a la comunidad.<\/p>\n<p>Tambi\u00e9n en las sesiones extras de la Asamblea Departamental durante cinco d\u00edas se har\u00e1 el estudio de otra iniciativa relacionada con el aumento del salario del Gobernador de Casanare acorde con las disposiciones legales y dicho proyecto es de tr\u00e1mite normal y ser\u00e1 ponente el Diputado Homero Abril.<\/p>\n<p>Fuente y Fotograf\u00eda Radio Noticias Casanare<\/p>\n<p>&nbsp;<\/p>\n","protected":false},"excerpt":{"rendered":"<p>El proyecto de Ordenanza que busca entregar facultades al Gobernador de Casanare, Alirio Barrera para contratar, es motivado para poder mover el presupuesto con lo que se tendr\u00e1 una din\u00e1mica m\u00e1s r\u00e1pida porque aunque se cuenta con los recursos no se pueden disponer al no contar con las facultades para hacerlo. La ponencia de la [&hellip;]<\/p>\n","protected":false},"author":1,"featured_media":0,"comment_status":"closed","ping_status":"closed","sticky":false,"template":"","format":"standard","meta":{"footnotes":""},"categories":[2],"tags":[36,3,687,688,103,665,238,689],"class_list":["post-3460","post","type-post","status-publish","format-standard","hentry","category-casanare","tag-asamblea-de-casanare","tag-casanare","tag-contratar","tag-facultades","tag-gobernador-de-casanare","tag-proyectos-de-ordenanza","tag-radio-noticias-casanare","tag-salario"],"_links":{"self":[{"href":"https:\/\/radionoticiascasanare.com\/inicio\/wp-json\/wp\/v2\/posts\/3460","targetHints":{"allow":["GET"]}}],"collection":[{"href":"https:\/\/radionoticiascasanare.com\/inicio\/wp-json\/wp\/v2\/posts"}],"about":[{"href":"https:\/\/radionoticiascasanare.com\/inicio\/wp-json\/wp\/v2\/types\/post"}],"author":[{"embeddable":true,"href":"https:\/\/radionoticiascasanare.com\/inicio\/wp-json\/wp\/v2\/users\/1"}],"replies":[{"embeddable":true,"href":"https:\/\/radionoticiascasanare.com\/inicio\/wp-json\/wp\/v2\/comments?post=3460"}],"version-history":[{"count":0,"href":"https:\/\/radionoticiascasanare.com\/inicio\/wp-json\/wp\/v2\/posts\/3460\/revisions"}],"wp:attachment":[{"href":"https:\/\/radionoticiascasanare.com\/inicio\/wp-json\/wp\/v2\/media?parent=3460"}],"wp:term":[{"taxonomy":"category","embeddable":true,"href":"https:\/\/radionoticiascasanare.com\/inicio\/wp-json\/wp\/v2\/categories?post=3460"},{"taxonomy":"post_tag","embeddable":true,"href":"https:\/\/radionoticiascasanare.com\/inicio\/wp-json\/wp\/v2\/tags?post=3460"}],"curies":[{"name":"wp","href":"https:\/\/api.w.org\/{rel}","templated":true}]}}