{"id":35021,"date":"2021-06-02T07:44:36","date_gmt":"2021-06-02T12:44:36","guid":{"rendered":"https:\/\/radionoticiascasanare.com\/inicio\/?p=35021"},"modified":"2021-06-02T07:44:36","modified_gmt":"2021-06-02T12:44:36","slug":"real-madrid-confirma-a-carlo-ancelotti-como-nuevo-entrenador","status":"publish","type":"post","link":"https:\/\/radionoticiascasanare.com\/inicio\/real-madrid-confirma-a-carlo-ancelotti-como-nuevo-entrenador\/","title":{"rendered":"Real Madrid confirma a Carlo Ancelotti como nuevo entrenador"},"content":{"rendered":"<figure id=\"attachment_35033\" aria-describedby=\"caption-attachment-35033\" style=\"width: 311px\" class=\"wp-caption alignleft\"><img fetchpriority=\"high\" decoding=\"async\" class=\"size-medium wp-image-35033\" src=\"https:\/\/radionoticiascasanare.com\/inicio\/wp-content\/uploads\/2021\/06\/descarga-7-311x192.jpeg\" alt=\"\" width=\"311\" height=\"192\" \/><figcaption id=\"caption-attachment-35033\" class=\"wp-caption-text\">AFP-elnuevosiglo.com<\/figcaption><\/figure>\n<p>El t\u00e9cnico italiano Carlo Ancelotti entrenar\u00e1 al Real Madrid las pr\u00f3ximas tres temporadas, hasta junio de 2024, en sustituci\u00f3n del Zinedine Zidane.<\/p>\n<p>&#8220;El Real Madrid C. F. comunica que Carlo Ancelotti ser\u00e1 el nuevo entrenador del primer equipo para las pr\u00f3ximas tres temporadas&#8221;, anunci\u00f3 en un breve comunicado el club blanco, al que Ancelotti vuelve seis a\u00f1os despu\u00e9s de su salida en 2015.<\/p>\n<p>Ancelotti estuvo dos a\u00f1os en el Real Madrid. En su primera temporada, la 2013-14, logro la copa de la\u00a0<strong>Champions y Copa del Rey<\/strong>. La Champions fue la ansiada<strong>\u00a0d\u00e9cima<\/strong>, un t\u00edtulo europeo que el conjunto del Santiago Bernab\u00e9u no conquistaba desde 2002. Del mismo modo La Copa del Rey ha sido la \u00faltima conseguida por los madridistas.<\/p>\n<p>Cabe resaltar que Ancelotti, ha dirigido esta temporada al Everton y\u00a0<strong>ha terminado d\u00e9cimo en la Premier League<\/strong>.&#8221;El Real Madrid C. F. comunica que Carlo Ancelotti ser\u00e1 el nuevo entrenador del primer equipo para las pr\u00f3ximas tres temporadas&#8221;, anunci\u00f3 en un breve comunicado el club blanco, al que Ancelotti vuelve seis a\u00f1os despu\u00e9s de su salida en 2015.<\/p>\n<p>Fuente y Fotograf\u00eda Enuevosiglo.com<\/p>\n","protected":false},"excerpt":{"rendered":"<p>El t\u00e9cnico italiano Carlo Ancelotti entrenar\u00e1 al Real Madrid las pr\u00f3ximas tres temporadas, hasta junio de 2024, en sustituci\u00f3n del Zinedine Zidane. &#8220;El Real Madrid C. F. comunica que Carlo Ancelotti ser\u00e1 el nuevo entrenador del primer equipo para las pr\u00f3ximas tres temporadas&#8221;, anunci\u00f3 en un breve comunicado el club blanco, al que Ancelotti vuelve [&hellip;]<\/p>\n","protected":false},"author":1,"featured_media":0,"comment_status":"closed","ping_status":"closed","sticky":false,"template":"","format":"standard","meta":{"footnotes":""},"categories":[56,168,85],"tags":[14226,348,153,654,238,257,14227],"class_list":["post-35021","post","type-post","status-publish","format-standard","hentry","category-deportes","category-generales","category-internacional","tag-carlo-ancelotti","tag-deportes","tag-futbol","tag-internacional","tag-radio-noticias-casanare","tag-real-madrid","tag-zinedine-zidane"],"_links":{"self":[{"href":"https:\/\/radionoticiascasanare.com\/inicio\/wp-json\/wp\/v2\/posts\/35021","targetHints":{"allow":["GET"]}}],"collection":[{"href":"https:\/\/radionoticiascasanare.com\/inicio\/wp-json\/wp\/v2\/posts"}],"about":[{"href":"https:\/\/radionoticiascasanare.com\/inicio\/wp-json\/wp\/v2\/types\/post"}],"author":[{"embeddable":true,"href":"https:\/\/radionoticiascasanare.com\/inicio\/wp-json\/wp\/v2\/users\/1"}],"replies":[{"embeddable":true,"href":"https:\/\/radionoticiascasanare.com\/inicio\/wp-json\/wp\/v2\/comments?post=35021"}],"version-history":[{"count":0,"href":"https:\/\/radionoticiascasanare.com\/inicio\/wp-json\/wp\/v2\/posts\/35021\/revisions"}],"wp:attachment":[{"href":"https:\/\/radionoticiascasanare.com\/inicio\/wp-json\/wp\/v2\/media?parent=35021"}],"wp:term":[{"taxonomy":"category","embeddable":true,"href":"https:\/\/radionoticiascasanare.com\/inicio\/wp-json\/wp\/v2\/categories?post=35021"},{"taxonomy":"post_tag","embeddable":true,"href":"https:\/\/radionoticiascasanare.com\/inicio\/wp-json\/wp\/v2\/tags?post=35021"}],"curies":[{"name":"wp","href":"https:\/\/api.w.org\/{rel}","templated":true}]}}