{"id":35029,"date":"2021-06-02T07:44:26","date_gmt":"2021-06-02T12:44:26","guid":{"rendered":"https:\/\/radionoticiascasanare.com\/inicio\/?p=35029"},"modified":"2021-06-02T07:44:26","modified_gmt":"2021-06-02T12:44:26","slug":"cruz-roja-preve-temporada-de-tormentas-en-latinoamerica-y-eeuu","status":"publish","type":"post","link":"https:\/\/radionoticiascasanare.com\/inicio\/cruz-roja-preve-temporada-de-tormentas-en-latinoamerica-y-eeuu\/","title":{"rendered":"Cruz Roja prev\u00e9 temporada de tormentas en Latinoam\u00e9rica y EEUU"},"content":{"rendered":"<figure id=\"attachment_35034\" aria-describedby=\"caption-attachment-35034\" style=\"width: 311px\" class=\"wp-caption alignleft\"><img fetchpriority=\"high\" decoding=\"async\" class=\"size-medium wp-image-35034\" src=\"https:\/\/radionoticiascasanare.com\/inicio\/wp-content\/uploads\/2021\/06\/fotohuracanrina_1-311x192.png\" alt=\"\" width=\"311\" height=\"192\" \/><figcaption id=\"caption-attachment-35034\" class=\"wp-caption-text\">elnuevosiglo.com<\/figcaption><\/figure>\n<p><strong>La Federaci\u00f3n Internacional de la Cruz Roja prev\u00e9 una dura temporada de tormentas en Estados Unidos y Am\u00e9rica Latina,\u00a0<\/strong>que podr\u00eda causar devastaci\u00f3n y grandes p\u00e9rdidas en una regi\u00f3n ya castigada por la pandemia de covid-19.<\/p>\n<p><strong>&#8220;Nos estamos preparando para una nueva temporada de r\u00e9cords&#8221;,<\/strong>\u00a0dijo\u00a0Roger Alonso, jefe de la Unidad de Desastres, Crisis y Clima de la Federaci\u00f3n Internacional de Sociedades de la Cruz Roja y de la Media Luna Roja (IFRC), basada en Panam\u00e1.<\/p>\n<p>&#8220;Solo en el oc\u00e9ano\u00a0<strong>Atl\u00e1ntico<\/strong>\u00a0podr\u00edan registrarse hasta 20 tormentas que lleguen a tener nombre, de las cuales cinco podr\u00edan convertirse en peligrosos huracanes mayores.\u00a0<strong>Un solo hurac\u00e1n o tormenta basta para causar un desastre que afecte a millones de personas<\/strong>&#8220;, detall\u00f3 Alonso.<\/p>\n<p>En un comunicado, la IFRC advirti\u00f3 este lunes que las tormentas podr\u00edan traer<strong>\u00a0&#8220;m\u00e1s devastaci\u00f3n&#8221; a una regi\u00f3n que &#8220;todav\u00eda est\u00e1 muy afectada&#8221; por las tormentas y huracanes del a\u00f1o pasado y por la pandemia de covid-19.<\/strong><\/p>\n<p>&nbsp;<\/p>\n<p>En 2020,<strong>\u00a0m\u00e1s de 200 personas murieron en Centroam\u00e9rica por los huracanes Eta y Iota,<\/strong>\u00a0que dejaron, adem\u00e1s, multimillonarias p\u00e9rdidas econ\u00f3micas en infraestructura y producci\u00f3n alimentaria producto de las inundaciones y deslaves.<\/p>\n<p>Seg\u00fan datos oficiales, solo en Honduras las p\u00e9rdidas econ\u00f3micas por estos dos devastadores fen\u00f3menos sumaron 10.000 millones de d\u00f3lares.<strong>\u00a0Guatemala y Nicaragua, en tanto, sufrieron da\u00f1os en ambos casos de m\u00e1s de 750 millones de d\u00f3lares.\u00a0<\/strong><\/p>\n<p><strong>La nueva temporada de tormentas, que se inicia el martes, llega en un momento donde la pandemia todav\u00eda hace estragos en la regi\u00f3n,\u00a0<\/strong>una de las m\u00e1s golpeadas por desastres naturales producto del cambio clim\u00e1tico, seg\u00fan organismos internacionales.<\/p>\n<p>&#8220;<strong>La pandemia agrega otra capa de complejidad. Ahora, una vez m\u00e1s nos enfrentamos a un escenario extremadamente desafiante con crisis superpuestas que aumentan las vulnerabilidades de las mujeres, la ni\u00f1ez, las personas migrantes y otros grupos&#8221;<\/strong>, afirm\u00f3 el secretario general de la IFRC, Jagan Chapagain, citado en el comunicado.<\/p>\n<p>&#8220;En Centroam\u00e9rica y Colombia,\u00a0<strong>miles de familias a\u00fan se est\u00e1n recuperando de los da\u00f1os causados por los huracanes Eta y Iota, que afectaron a m\u00e1s de 7,5 millones de personas hace apenas seis meses<\/strong>&#8220;, agreg\u00f3 Chapagain.<\/p>\n<p><strong>La IFRC teme que durante los pr\u00f3ximos seis meses fuertes lluvias, deslizamientos de tierras, tormentas e inundaciones<\/strong>\u00a0terminen por estrangular a comunidades vulnerables donde las vacunas contra el covid-19 a\u00fan no est\u00e1n disponibles en grandes cantidades.<\/p>\n<p>&#8220;El impacto que ya ha tenido la pandemia en Centroam\u00e9rica, M\u00e9xico y el Caribe, especialmente, sumado a otros desastres que afectan la regi\u00f3n y al aumento de las disparidades, elevan la vulnerabilidad de las comunidades ante la temporada de huracanes&#8221;, alert\u00f3 Alonso.<\/p>\n<p>Fuente y Fotograf\u00eda Elnuevosiglo.com<\/p>\n","protected":false},"excerpt":{"rendered":"<p>La Federaci\u00f3n Internacional de la Cruz Roja prev\u00e9 una dura temporada de tormentas en Estados Unidos y Am\u00e9rica Latina,\u00a0que podr\u00eda causar devastaci\u00f3n y grandes p\u00e9rdidas en una regi\u00f3n ya castigada por la pandemia de covid-19. &#8220;Nos estamos preparando para una nueva temporada de r\u00e9cords&#8221;,\u00a0dijo\u00a0Roger Alonso, jefe de la Unidad de Desastres, Crisis y Clima de [&hellip;]<\/p>\n","protected":false},"author":1,"featured_media":0,"comment_status":"closed","ping_status":"closed","sticky":false,"template":"","format":"standard","meta":{"footnotes":""},"categories":[168,85],"tags":[5094,102,14228,654,238,14229],"class_list":["post-35029","post","type-post","status-publish","format-standard","hentry","category-generales","category-internacional","tag-america-latina","tag-estados-unidos","tag-federacion-internacional-de-la-cruz-roja","tag-internacional","tag-radio-noticias-casanare","tag-temporada-de-tormentas"],"_links":{"self":[{"href":"https:\/\/radionoticiascasanare.com\/inicio\/wp-json\/wp\/v2\/posts\/35029","targetHints":{"allow":["GET"]}}],"collection":[{"href":"https:\/\/radionoticiascasanare.com\/inicio\/wp-json\/wp\/v2\/posts"}],"about":[{"href":"https:\/\/radionoticiascasanare.com\/inicio\/wp-json\/wp\/v2\/types\/post"}],"author":[{"embeddable":true,"href":"https:\/\/radionoticiascasanare.com\/inicio\/wp-json\/wp\/v2\/users\/1"}],"replies":[{"embeddable":true,"href":"https:\/\/radionoticiascasanare.com\/inicio\/wp-json\/wp\/v2\/comments?post=35029"}],"version-history":[{"count":0,"href":"https:\/\/radionoticiascasanare.com\/inicio\/wp-json\/wp\/v2\/posts\/35029\/revisions"}],"wp:attachment":[{"href":"https:\/\/radionoticiascasanare.com\/inicio\/wp-json\/wp\/v2\/media?parent=35029"}],"wp:term":[{"taxonomy":"category","embeddable":true,"href":"https:\/\/radionoticiascasanare.com\/inicio\/wp-json\/wp\/v2\/categories?post=35029"},{"taxonomy":"post_tag","embeddable":true,"href":"https:\/\/radionoticiascasanare.com\/inicio\/wp-json\/wp\/v2\/tags?post=35029"}],"curies":[{"name":"wp","href":"https:\/\/api.w.org\/{rel}","templated":true}]}}