{"id":35277,"date":"2021-06-17T07:32:37","date_gmt":"2021-06-17T12:32:37","guid":{"rendered":"https:\/\/radionoticiascasanare.com\/inicio\/?p=35277"},"modified":"2021-06-17T07:32:37","modified_gmt":"2021-06-17T12:32:37","slug":"egan-bernal-regalo-una-bicicleta-al-papa-francisco","status":"publish","type":"post","link":"https:\/\/radionoticiascasanare.com\/inicio\/egan-bernal-regalo-una-bicicleta-al-papa-francisco\/","title":{"rendered":"Egan Bernal regal\u00f3 una bicicleta al papa Francisco"},"content":{"rendered":"<figure id=\"attachment_35282\" aria-describedby=\"caption-attachment-35282\" style=\"width: 311px\" class=\"wp-caption alignleft\"><img fetchpriority=\"high\" decoding=\"async\" class=\"size-medium wp-image-35282\" src=\"https:\/\/radionoticiascasanare.com\/inicio\/wp-content\/uploads\/2021\/06\/AFP-Bernal-311x192.jpeg\" alt=\"\" width=\"311\" height=\"192\" \/><figcaption id=\"caption-attachment-35282\" class=\"wp-caption-text\">AFP-Elnuevosiglo.com<\/figcaption><\/figure>\n<p><strong>El campe\u00f3n del Giro de Italia, el colombiano\u00a0Egan\u00a0Bernal, obsequi\u00f3 este mi\u00e9rcoles una emblem\u00e1tica bicicleta al papa\u00a0Francisco,\u00a0<\/strong>tras lo cual confes\u00f3 que ha sido el momento &#8220;m\u00e1s bonito&#8221; de su vida.<\/p>\n<p><strong>Egan Bernal, de 24 a\u00f1os<\/strong>, que acaba de recuperarse del coronavirus, es\u00a0uno de los ciclistas m\u00e1s destacados de la historia adem\u00e1s de ser un devoto cat\u00f3lico.<\/p>\n<p>&#8220;<strong>He tenido bastantes experiencias en mi vida, pero esta es \u00fanica, la experiencia m\u00e1s bonita que he tenido en mi vida&#8221;<\/strong>, asegur\u00f3 Bernal despu\u00e9s de haber saludado al pont\u00edfice argentino en el patio de San Damasco dentro del Vaticano.<\/p>\n<p>Para la ocasi\u00f3n el ciclista quiso regalarle al papa una bicicleta Piranello F12, el mismo modelo con el que se coron\u00f3 vencedor el 30 de mayo de su primer Giro de Italia y del Tour de Francia en 2019, coloc\u00e1ndose entre los grandes del ciclismo mundial.<\/p>\n<p><strong>Adem\u00e1s de la bicicleta, blanca con rayas azules y el escudo del Vaticano, le entreg\u00f3 al pont\u00edfice argentino una camiseta rosada, la prenda que identifica al l\u00edder de la carrera en Italia.<\/strong><\/p>\n<p>&#8220;Un regalo de mi parte y de todos los colombianos que en estos momentos necesitan su bendici\u00f3n&#8221;, cont\u00f3 Bernal que le dijo al pont\u00edfice argentino al entregarle la camiseta.<\/p>\n<p>El ciclista relat\u00f3 a la prensa que Francisco brome\u00f3 con \u00e9l en espa\u00f1ol y le pregunt\u00f3 si tomaba &#8220;muchos tintos&#8221;, es decir caf\u00e9, antes de las carreras, al mencionar uno de los productos m\u00e1s conocidos de ese pa\u00eds latinoamericano.<\/p>\n<p>&#8220;<strong>La verdad fue una experiencia \u00fanica, estoy muy contento<\/strong>, todav\u00eda como nervioso. Qued\u00e9 muy sorprendido de su presencia (&#8230;) Es como el mayor encuentro con Dios hasta el momento y por eso una experiencia \u00fanica&#8221;, agreg\u00f3.<\/p>\n<p>Bernal, que estaba acompa\u00f1ado por su novia Mar\u00eda Fernanda Guti\u00e9rrez, anunci\u00f3 la v\u00edspera que super\u00f3 el coronavirus tras haber dado positivo el 4 de junio.<\/p>\n<p>Conversando luego con la prensa en italiano, idioma que habla con soltura, Bernal asegur\u00f3 que en los momentos m\u00e1s dif\u00edciles de su carrera suele rezar.<\/p>\n<p>&#8220;Crec\u00ed en una familia cat\u00f3lica, yo soy cat\u00f3lico. Antes de las etapas m\u00e1s dif\u00edciles rezo&#8221;, reconoci\u00f3.<\/p>\n<p>Fuente y Fotograf\u00eda Elnuevosiglo.com<\/p>\n","protected":false},"excerpt":{"rendered":"<p>El campe\u00f3n del Giro de Italia, el colombiano\u00a0Egan\u00a0Bernal, obsequi\u00f3 este mi\u00e9rcoles una emblem\u00e1tica bicicleta al papa\u00a0Francisco,\u00a0tras lo cual confes\u00f3 que ha sido el momento &#8220;m\u00e1s bonito&#8221; de su vida. Egan Bernal, de 24 a\u00f1os, que acaba de recuperarse del coronavirus, es\u00a0uno de los ciclistas m\u00e1s destacados de la historia adem\u00e1s de ser un devoto cat\u00f3lico. [&hellip;]<\/p>\n","protected":false},"author":1,"featured_media":0,"comment_status":"closed","ping_status":"closed","sticky":false,"template":"","format":"standard","meta":{"footnotes":""},"categories":[56,66,168],"tags":[2892,4936,5489,1191,157,238,14334],"class_list":["post-35277","post","type-post","status-publish","format-standard","hentry","category-deportes","category-destacadas","category-generales","tag-bicicleta","tag-campeon","tag-egan-bernal","tag-giro-de-italia","tag-papa-francisco","tag-radio-noticias-casanare","tag-regalo"],"_links":{"self":[{"href":"https:\/\/radionoticiascasanare.com\/inicio\/wp-json\/wp\/v2\/posts\/35277","targetHints":{"allow":["GET"]}}],"collection":[{"href":"https:\/\/radionoticiascasanare.com\/inicio\/wp-json\/wp\/v2\/posts"}],"about":[{"href":"https:\/\/radionoticiascasanare.com\/inicio\/wp-json\/wp\/v2\/types\/post"}],"author":[{"embeddable":true,"href":"https:\/\/radionoticiascasanare.com\/inicio\/wp-json\/wp\/v2\/users\/1"}],"replies":[{"embeddable":true,"href":"https:\/\/radionoticiascasanare.com\/inicio\/wp-json\/wp\/v2\/comments?post=35277"}],"version-history":[{"count":0,"href":"https:\/\/radionoticiascasanare.com\/inicio\/wp-json\/wp\/v2\/posts\/35277\/revisions"}],"wp:attachment":[{"href":"https:\/\/radionoticiascasanare.com\/inicio\/wp-json\/wp\/v2\/media?parent=35277"}],"wp:term":[{"taxonomy":"category","embeddable":true,"href":"https:\/\/radionoticiascasanare.com\/inicio\/wp-json\/wp\/v2\/categories?post=35277"},{"taxonomy":"post_tag","embeddable":true,"href":"https:\/\/radionoticiascasanare.com\/inicio\/wp-json\/wp\/v2\/tags?post=35277"}],"curies":[{"name":"wp","href":"https:\/\/api.w.org\/{rel}","templated":true}]}}