{"id":36082,"date":"2021-07-21T07:36:32","date_gmt":"2021-07-21T12:36:32","guid":{"rendered":"https:\/\/radionoticiascasanare.com\/inicio\/?p=36082"},"modified":"2021-07-21T07:36:32","modified_gmt":"2021-07-21T12:36:32","slug":"hasta-el-proximo-30-de-julio-se-extiende-convocatoria-para-inscribirse-al-proyecto-navega-tic","status":"publish","type":"post","link":"https:\/\/radionoticiascasanare.com\/inicio\/hasta-el-proximo-30-de-julio-se-extiende-convocatoria-para-inscribirse-al-proyecto-navega-tic\/","title":{"rendered":"Hasta el pr\u00f3ximo 30 de julio se extiende convocatoria para inscribirse al proyecto Navega TIC"},"content":{"rendered":"<p style=\"font-weight: 400;\"><img decoding=\"async\" class=\" wp-image-36087 alignleft\" src=\"https:\/\/radionoticiascasanare.com\/inicio\/wp-content\/uploads\/2021\/07\/0576-144x192.jpg\" alt=\"\" width=\"167\" height=\"223\" \/>Hasta el viernes 30 de julio de 2021 se extiende la convocatoria para que los estudiantes de los grados noveno, decimo y und\u00e9cimo, as\u00ed como los adscritos a universidades p\u00fablicas y\/o el Servicio Nacional de Aprendizaje (SENA), puedan inscribirse al proyecto Navega TIC, organizado y liderado por el Ministerio de las Tecnolog\u00edas de la Informaci\u00f3n y la Comunicaci\u00f3n (MINTIC) en todo el territorio nacional.<\/p>\n<p style=\"font-weight: 400;\">Navega TIC es un proyecto del Ministerio TIC que llevar\u00e1 servicios de voz y datos m\u00f3viles a 340.821 estudiantes de colegios oficiales de los grados 9, 10 y 11, de universidades p\u00fablicas y del SENA, adem\u00e1s de mujeres emprendedoras, ubicados en 790 municipios de los 32 departamentos del pa\u00eds.<\/p>\n<p style=\"font-weight: 400;\">La iniciativa contempla los siguientes beneficios:<\/p>\n<ol>\n<li style=\"font-weight: 400;\">15 GB de navegaci\u00f3n con tecnolog\u00eda 4G LTE<\/li>\n<li style=\"font-weight: 400;\">Minutos ilimitados a nivel nacional<\/li>\n<li style=\"font-weight: 400;\">WhatsApp ilimitado sin videollamadas<\/li>\n<li style=\"font-weight: 400;\">Acceso a 21 URL o p\u00e1ginas que no consumen datos<\/li>\n<li style=\"font-weight: 400;\">Vigencia: hasta el 31 de julio de 2022<\/li>\n<\/ol>\n<p style=\"font-weight: 400;\">Las personas interesadas en participar de la convocatoria deber\u00e1n contar con un dispositivo inteligente que pueda navegar con capacidad 4G LTE. Adicionalmente, deber\u00e1n llenar el formulario de inscripci\u00f3n que se encuentra en el siguiente enlace:<\/p>\n<p style=\"font-weight: 400;\"><a href=\"https:\/\/bit.ly\/NavegaTIC-Yopal1\" data-saferedirecturl=\"https:\/\/www.google.com\/url?q=https:\/\/bit.ly\/NavegaTIC-Yopal1&amp;source=gmail&amp;ust=1626956181396000&amp;usg=AFQjCNHPBwrJi3lpNdWVG6FQpGpQHFIz7w\">\u00a0https:\/\/bit.ly\/NavegaTIC-Yopal1<\/a><\/p>\n<p style=\"font-weight: 400;\">La Ingeniera M\u00f3nica M\u00e1rquez, Jefe de la Direcci\u00f3n TIC de la Alcald\u00eda de Yopal resalt\u00f3 que estas iniciativas son importantes para disminuir la brecha de conectividad digital e invit\u00f3 a todos los estudiantes y mujeres emprendedoras de Yopal para que aprovechen la oportunidad y se postulen al proyecto que deja grandes beneficios en cuanto al acceso del mundo del aprendizaje virtual.<\/p>\n<p>Fuente y Fotograf\u00eda Alcald\u00eda de Yopal<\/p>\n","protected":false},"excerpt":{"rendered":"<p>Hasta el viernes 30 de julio de 2021 se extiende la convocatoria para que los estudiantes de los grados noveno, decimo y und\u00e9cimo, as\u00ed como los adscritos a universidades p\u00fablicas y\/o el Servicio Nacional de Aprendizaje (SENA), puedan inscribirse al proyecto Navega TIC, organizado y liderado por el Ministerio de las Tecnolog\u00edas de la Informaci\u00f3n [&hellip;]<\/p>\n","protected":false},"author":1,"featured_media":0,"comment_status":"closed","ping_status":"closed","sticky":false,"template":"","format":"standard","meta":{"footnotes":""},"categories":[2,66,8492,8493,132,9680,608],"tags":[3,14687,305,2042,14688,13338,238,637,14689,7211,16],"class_list":["post-36082","post","type-post","status-publish","format-standard","hentry","category-casanare","category-destacadas","category-noticias-casanare","category-noticias-de-casanare","category-orinoquia","category-region","category-tecnologia","tag-casanare","tag-decimo","tag-estudiantes","tag-mintic","tag-navega-tic","tag-noveno","tag-radio-noticias-casanare","tag-sena","tag-undecimo","tag-universidades-publicas","tag-yopal"],"_links":{"self":[{"href":"https:\/\/radionoticiascasanare.com\/inicio\/wp-json\/wp\/v2\/posts\/36082","targetHints":{"allow":["GET"]}}],"collection":[{"href":"https:\/\/radionoticiascasanare.com\/inicio\/wp-json\/wp\/v2\/posts"}],"about":[{"href":"https:\/\/radionoticiascasanare.com\/inicio\/wp-json\/wp\/v2\/types\/post"}],"author":[{"embeddable":true,"href":"https:\/\/radionoticiascasanare.com\/inicio\/wp-json\/wp\/v2\/users\/1"}],"replies":[{"embeddable":true,"href":"https:\/\/radionoticiascasanare.com\/inicio\/wp-json\/wp\/v2\/comments?post=36082"}],"version-history":[{"count":0,"href":"https:\/\/radionoticiascasanare.com\/inicio\/wp-json\/wp\/v2\/posts\/36082\/revisions"}],"wp:attachment":[{"href":"https:\/\/radionoticiascasanare.com\/inicio\/wp-json\/wp\/v2\/media?parent=36082"}],"wp:term":[{"taxonomy":"category","embeddable":true,"href":"https:\/\/radionoticiascasanare.com\/inicio\/wp-json\/wp\/v2\/categories?post=36082"},{"taxonomy":"post_tag","embeddable":true,"href":"https:\/\/radionoticiascasanare.com\/inicio\/wp-json\/wp\/v2\/tags?post=36082"}],"curies":[{"name":"wp","href":"https:\/\/api.w.org\/{rel}","templated":true}]}}