{"id":36114,"date":"2021-07-21T08:02:56","date_gmt":"2021-07-21T13:02:56","guid":{"rendered":"https:\/\/radionoticiascasanare.com\/inicio\/?p=36114"},"modified":"2021-07-21T08:02:56","modified_gmt":"2021-07-21T13:02:56","slug":"los-problemas-de-gustavo-bolivar-por-apoyos-a-primera-linea","status":"publish","type":"post","link":"https:\/\/radionoticiascasanare.com\/inicio\/los-problemas-de-gustavo-bolivar-por-apoyos-a-primera-linea\/","title":{"rendered":"Los problemas de Gustavo Bol\u00edvar por apoyos a \u2018Primera L\u00ednea\u2019"},"content":{"rendered":"<figure id=\"attachment_36117\" aria-describedby=\"caption-attachment-36117\" style=\"width: 311px\" class=\"wp-caption alignleft\"><img fetchpriority=\"high\" decoding=\"async\" class=\"size-medium wp-image-36117\" src=\"https:\/\/radionoticiascasanare.com\/inicio\/wp-content\/uploads\/2021\/07\/BeFunky-collage-5_0-311x192.jpg\" alt=\"\" width=\"311\" height=\"192\" \/><figcaption id=\"caption-attachment-36117\" class=\"wp-caption-text\">Elnuevosiglo.com<\/figcaption><\/figure>\n<p><strong>El apoyo que p\u00fablicamente ha expresado el senador Gustavo Bol\u00edvar, de la Colombia Humana, al movimiento \u2018Primera L\u00ednea\u2019, le sigue trayendo problemas.<\/strong><\/p>\n<p>Bol\u00edvar, como se sabe, apoy\u00f3 una colecta p\u00fablica hace varias semanas que inici\u00f3 la Fundaci\u00f3n Manos Limpias para proveer a los j\u00f3venes que integran este movimiento de elementos como cascos y guantes para \u201cdefenderse\u201d de las agresiones del Esmad.<\/p>\n<p><strong>Este apoyo le ha validado diversas cr\u00edticas como la del excandidato a la Alcald\u00eda de Bogot\u00e1 Miguel Uribe Turbay, que realiz\u00f3 una colecta similar pero en favor de la Fuerza P\u00fablica.<\/strong><\/p>\n<p>Incluso, el abogado penalista V\u00edctor Mosquera, radic\u00f3 en su contra una denuncia penal ante la Corte Suprema de Justicia mientras que lo propio hizo tambi\u00e9n el abogado Joan Sebasti\u00e1n Moreno.<\/p>\n<p>Ambas denuncias consideran que la<strong>\u00a0ley proh\u00edbe hacer ese tipo de colectas pues para las autoridades algunos integrantes de \u2018Primera L\u00ednea\u2019 cometen actos vand\u00e1licos y agresiones contra los uniformados.<\/strong><\/p>\n<p>&nbsp;<\/p>\n<p>Pero fue en las \u00faltimas horas que se conoci\u00f3 otro pronunciamiento en contra del senador de izquierda, esta vez de parte de <strong>su colega del Centro Democr\u00e1tico Paloma Valencia,<\/strong>\u00a0quien ha dicho que Bol\u00edvar tendr\u00e1 que responder penalmente por ese apoyo.<\/p>\n<p>\u201cLe quiero leer el art\u00edculo 345 del C\u00f3digo Penal, que creo que responde su pregunta: \u2018Financiaci\u00f3n del terrorismo y de grupos de delincuencia organizada y administraci\u00f3n de recursos relacionados con actividades terroristas y de la delincuencia organizada. El que directa o indirectamente provea, recolecte, entregue, reciba, administre, aporte, custodie o guarde fondos, bienes o recursos, o realice cualquier otro acto que promueva, organice, apoye, mantenga, financie o\u00a0sostenga econ\u00f3micamente a grupos de delincuencia organizada, grupos armados al margen de la ley o a sus integrantes, o a grupos terroristas nacionales o extranjeros, o a terroristas nacionales o extranjeros, o a actividades terroristas, incurrir\u00e1 en prisi\u00f3n de trece (13) a veintid\u00f3s (22) a\u00f1os y multa de mil trescientos (1.300) a quince mil (15.000) salarios m\u00ednimos legales mensuales vigentes\u2019\u201d.<\/p>\n<p><strong>Valencia ha dicho que \u201cyo creo que el senador (Gustavo) Bol\u00edvar va a tener que responder penalmente\u201d.<\/strong><\/p>\n<p>El senador de la Colombia Humana no ha respondido, pero se sabe que el Consejo de Estado admiti\u00f3 para su estudio una demanda de p\u00e9rdida de investidura en su contra por el apoyo que ha brindado a \u2018Primera L\u00ednea\u2019.<\/p>\n<p>En su momento, el senador explic\u00f3 que a los j\u00f3venes que integran ese colectivo se les ha estigmatizado injustamente, y record\u00f3 que varios muchachos que han participado en las manifestaciones han sido agredidos por el Esmad, incluso que varios han sufrido lesiones oculares irreparables, y por eso ofreci\u00f3 esa ayuda.<\/p>\n<p>Fuente y Fotograf\u00eda Elnuevosiglo.com<\/p>\n","protected":false},"excerpt":{"rendered":"<p>El apoyo que p\u00fablicamente ha expresado el senador Gustavo Bol\u00edvar, de la Colombia Humana, al movimiento \u2018Primera L\u00ednea\u2019, le sigue trayendo problemas. Bol\u00edvar, como se sabe, apoy\u00f3 una colecta p\u00fablica hace varias semanas que inici\u00f3 la Fundaci\u00f3n Manos Limpias para proveer a los j\u00f3venes que integran este movimiento de elementos como cascos y guantes para [&hellip;]<\/p>\n","protected":false},"author":1,"featured_media":0,"comment_status":"closed","ping_status":"closed","sticky":false,"template":"","format":"standard","meta":{"footnotes":""},"categories":[168,51,5476],"tags":[14710,14514,5741,2265,238,418],"class_list":["post-36114","post","type-post","status-publish","format-standard","hentry","category-generales","category-nacional","category-politica","tag-apoyo-primera-linea","tag-colombia-humana","tag-gustavo-bolivar","tag-nacional","tag-radio-noticias-casanare","tag-senado-de-la-republica"],"_links":{"self":[{"href":"https:\/\/radionoticiascasanare.com\/inicio\/wp-json\/wp\/v2\/posts\/36114","targetHints":{"allow":["GET"]}}],"collection":[{"href":"https:\/\/radionoticiascasanare.com\/inicio\/wp-json\/wp\/v2\/posts"}],"about":[{"href":"https:\/\/radionoticiascasanare.com\/inicio\/wp-json\/wp\/v2\/types\/post"}],"author":[{"embeddable":true,"href":"https:\/\/radionoticiascasanare.com\/inicio\/wp-json\/wp\/v2\/users\/1"}],"replies":[{"embeddable":true,"href":"https:\/\/radionoticiascasanare.com\/inicio\/wp-json\/wp\/v2\/comments?post=36114"}],"version-history":[{"count":0,"href":"https:\/\/radionoticiascasanare.com\/inicio\/wp-json\/wp\/v2\/posts\/36114\/revisions"}],"wp:attachment":[{"href":"https:\/\/radionoticiascasanare.com\/inicio\/wp-json\/wp\/v2\/media?parent=36114"}],"wp:term":[{"taxonomy":"category","embeddable":true,"href":"https:\/\/radionoticiascasanare.com\/inicio\/wp-json\/wp\/v2\/categories?post=36114"},{"taxonomy":"post_tag","embeddable":true,"href":"https:\/\/radionoticiascasanare.com\/inicio\/wp-json\/wp\/v2\/tags?post=36114"}],"curies":[{"name":"wp","href":"https:\/\/api.w.org\/{rel}","templated":true}]}}