{"id":3712,"date":"2016-04-12T10:21:11","date_gmt":"2016-04-12T10:21:11","guid":{"rendered":"http:\/\/radionoticiascasanare.com\/inicio\/?p=3712"},"modified":"2016-04-12T10:21:11","modified_gmt":"2016-04-12T10:21:11","slug":"consejo-territorial-de-planeacion-de-yopal-emite-concepto-favorable-plan-de-desarrollo-municipal","status":"publish","type":"post","link":"https:\/\/radionoticiascasanare.com\/inicio\/consejo-territorial-de-planeacion-de-yopal-emite-concepto-favorable-plan-de-desarrollo-municipal\/","title":{"rendered":"Consejo Territorial de Planeaci\u00f3n de Yopal emite concepto favorable Plan de Desarrollo Municipal"},"content":{"rendered":"<p>Luego de an\u00e1lisis, debates y discusiones en varias jornadas que se desarrollaron por mas de 20 d\u00edas que concluyeron hacia la media noche de este lunes 11 de abril, el Consejo Territorial de Planeaci\u00f3n emiti\u00f3 concepto favorable en forma unanimidad al proyecto del Plan de Desarrollo &#8220;Una Bendici\u00f3n para Yopal&#8221; 2016-2019.<\/p>\n<p>El alcalde de Yopal, Jhon Jairo Torres Torres y su Secretario Privado, Carlos C\u00e1rdenas Ort\u00edz, se mostraron satisfechos, al tiempo que agradecieron por el ejercicio adelantado por dicho \u00f3rgano consultivo que en forma juiciosa y responsable realiz\u00f3 el estudio del documento que present\u00f3 la Administraci\u00f3n Municipal.<\/p>\n<p>&#8220;El an\u00e1lisis efectuado por el Consejo Terrirorial de Planeaci\u00f3n corresponde a un ejercicio que se adelant\u00f3 en forma responsable y como tal la Alcald\u00eda de Yopal acat\u00f3 todas las recomendaciones presentadas por los consejeros territoriales municipales, que se ajustan a las competencias del municipio y que estar\u00e1n incluidas en el proyecto del plan de desarrollo, el cual ser\u00e1 ajustado y ser\u00e1 presentado a finales de este mes al Concejo Yopal para su correspondiente debate y aprobaci\u00f3n&#8221;.<\/p>\n<p>En Mayo si as\u00ed lo determina la Corporaci\u00f3n Municipal quedar\u00e1 aprobado el Plan de Desarrollo &#8220;Una Bendici\u00f3n para Yopal&#8221; 2016-2019, que orientar\u00e1 la ruta del municipio hacia el cuatrienio 2016-2019.<\/p>\n<p>Fuente y Fotograf\u00eda Alcald\u00eda de Yopal<\/p>\n","protected":false},"excerpt":{"rendered":"<p>Luego de an\u00e1lisis, debates y discusiones en varias jornadas que se desarrollaron por mas de 20 d\u00edas que concluyeron hacia la media noche de este lunes 11 de abril, el Consejo Territorial de Planeaci\u00f3n emiti\u00f3 concepto favorable en forma unanimidad al proyecto del Plan de Desarrollo &#8220;Una Bendici\u00f3n para Yopal&#8221; 2016-2019. El alcalde de Yopal, [&hellip;]<\/p>\n","protected":false},"author":1,"featured_media":0,"comment_status":"closed","ping_status":"closed","sticky":false,"template":"","format":"standard","meta":{"footnotes":""},"categories":[2,66],"tags":[237,3,823,611,238,824],"class_list":["post-3712","post","type-post","status-publish","format-standard","hentry","category-casanare","category-destacadas","tag-alcaldia-de-yopal","tag-casanare","tag-consejo-territorial-de-planeacion","tag-plan-de-desarrollo","tag-radio-noticias-casanare","tag-secretario-privado"],"_links":{"self":[{"href":"https:\/\/radionoticiascasanare.com\/inicio\/wp-json\/wp\/v2\/posts\/3712","targetHints":{"allow":["GET"]}}],"collection":[{"href":"https:\/\/radionoticiascasanare.com\/inicio\/wp-json\/wp\/v2\/posts"}],"about":[{"href":"https:\/\/radionoticiascasanare.com\/inicio\/wp-json\/wp\/v2\/types\/post"}],"author":[{"embeddable":true,"href":"https:\/\/radionoticiascasanare.com\/inicio\/wp-json\/wp\/v2\/users\/1"}],"replies":[{"embeddable":true,"href":"https:\/\/radionoticiascasanare.com\/inicio\/wp-json\/wp\/v2\/comments?post=3712"}],"version-history":[{"count":0,"href":"https:\/\/radionoticiascasanare.com\/inicio\/wp-json\/wp\/v2\/posts\/3712\/revisions"}],"wp:attachment":[{"href":"https:\/\/radionoticiascasanare.com\/inicio\/wp-json\/wp\/v2\/media?parent=3712"}],"wp:term":[{"taxonomy":"category","embeddable":true,"href":"https:\/\/radionoticiascasanare.com\/inicio\/wp-json\/wp\/v2\/categories?post=3712"},{"taxonomy":"post_tag","embeddable":true,"href":"https:\/\/radionoticiascasanare.com\/inicio\/wp-json\/wp\/v2\/tags?post=3712"}],"curies":[{"name":"wp","href":"https:\/\/api.w.org\/{rel}","templated":true}]}}