{"id":37556,"date":"2021-09-23T06:59:44","date_gmt":"2021-09-23T11:59:44","guid":{"rendered":"https:\/\/radionoticiascasanare.com\/inicio\/?p=37556"},"modified":"2021-09-23T06:59:44","modified_gmt":"2021-09-23T11:59:44","slug":"gobernacion-invita-a-mipymes-para-que-participen-en-la-convocatoria-de-seleccion-de-la-delegacion-que-representara-a-casanare-en-la-feria-agroexpo-2021","status":"publish","type":"post","link":"https:\/\/radionoticiascasanare.com\/inicio\/gobernacion-invita-a-mipymes-para-que-participen-en-la-convocatoria-de-seleccion-de-la-delegacion-que-representara-a-casanare-en-la-feria-agroexpo-2021\/","title":{"rendered":"Gobernaci\u00f3n invita a MIPYMES para que participen en la convocatoria de selecci\u00f3n de la delegaci\u00f3n que representar\u00e1 a Casanare en la feria Agroexpo 2021"},"content":{"rendered":"<p><img fetchpriority=\"high\" decoding=\"async\" class=\"size-medium wp-image-31282 alignleft\" src=\"https:\/\/radionoticiascasanare.com\/inicio\/wp-content\/uploads\/2020\/10\/Gobernacion-amplio-plazo-para-integrar-el-Consejo-Departamental-de-Participacion-Ciudadana-320x180.jpeg\" alt=\"\" width=\"320\" height=\"180\" \/>La Gobernaci\u00f3n de Casanare a trav\u00e9s de la Direcci\u00f3n T\u00e9cnica Empresarial de la Secretar\u00eda de Desarrollo Econ\u00f3mico, Agricultura, Ganader\u00eda y Medio Ambiente, invita a MIPYMES, artesanos, empresarios, productores agroindustriales y representantes de gremios o asociaciones del sector agroindustrial, de productos frescos o que se encuentren transformando materias primas en el departamento, a postularse para participar de la convocatoria p\u00fablica de selecci\u00f3n de la delegaci\u00f3n que representar\u00e1 a Casanare en la XXIII FERIA AGROEXPO 2021, Corferias \u2013 Bogot\u00e1.<\/p>\n<p>La Administraci\u00f3n Departamental otorgar\u00e1 a los expositores seleccionados beneficios como: el arrendamiento de un stand debidamente dotado; organizaci\u00f3n previa para la presentaci\u00f3n de sus productos; participaci\u00f3n en eventos de negocios y acompa\u00f1amiento antes, durante y despu\u00e9s del evento comercial.<\/p>\n<p>De igual manera, tendr\u00e1n derecho a participar de ruedas de negocios, cat\u00e1logos de ofertas, plan de medios y dem\u00e1s actividades de promoci\u00f3n, que les permitan realizar contactos comerciales, concretar negocios e intercambiar conocimiento en cuanto a desarrollos y avances tecnol\u00f3gicos del sector, con el fin de posicionar los productos casanare\u00f1os, mejorar la competitividad del departamento y la calidad de vida de los productores.<\/p>\n<p>Cabe resaltar que la participaci\u00f3n de Casanare en esta importante vitrina comercial, hace parte de las actividades propuestas dentro del programa: \u201cEmprendimiento y Fortalecimiento Empresarial\u201d del Plan de Desarrollo Departamental \u201cEs el tiempo de Casanare 2020 &#8211; 2023\u201d, el cual tiene contemplado dentro de sus retos estrat\u00e9gicos el Desarrollo Econ\u00f3mico Sostenible del departamento, fomentando el emprendimiento e innovaci\u00f3n, la generaci\u00f3n de conocimiento y el desarrollo tecnol\u00f3gico del sector productivo y empresarial del territorio Casanare\u00f1o.<\/p>\n<p>Los interesados en postularse deben revisar los t\u00e9rminos de referencia de la convocatoria en el link\u00a0<a href=\"https:\/\/www.casanare.gov.co\/Dependencias\/Agricultura\/SaladePrensa\/Paginas\/Convocatoria-AGROEXPO-2021.aspx\" target=\"_blank\" rel=\"noopener\" data-saferedirecturl=\"https:\/\/www.google.com\/url?q=https:\/\/www.casanare.gov.co\/Dependencias\/Agricultura\/SaladePrensa\/Paginas\/Convocatoria-AGROEXPO-2021.aspx&amp;source=gmail&amp;ust=1632483476958000&amp;usg=AFQjCNF9CyvTJQndtaY7HI6GWg600DjuWQ\">https:\/\/www.casanare.gov.co\/<wbr \/>Dependencias\/Agricultura\/<wbr \/>SaladePrensa\/Paginas\/<wbr \/>Convocatoria-AGROEXPO-2021.<wbr \/>aspx<\/a><\/p>\n<p>El plazo m\u00e1ximo de recepci\u00f3n de postulaciones o cierre de la convocatoria ser\u00e1 el 28 de septiembre de 2021 a las 4:00 p.m., para postularse, la empresa debe estar legalmente constituida y, en el caso de productos procesados, contar con registro INVIMA y dem\u00e1s que requiera la autoridad competente.<\/p>\n<p>Env\u00edo de postulaci\u00f3n al correo:\u00a0<a href=\"mailto:direccionempresarial@casanare.gov.co\" target=\"_blank\" rel=\"noopener\">direccionempresarial@casanare.<wbr \/>gov.co<\/a><br \/>\nPublicaci\u00f3n de resultados: Del 01 al 04 de octubre, en la p\u00e1gina web de la Gobernaci\u00f3n de Casanare. Si tiene dudas o inquietudes sobre la presente convocatoria, puede comunicarse a trav\u00e9s del correo electr\u00f3nico:\u00a0<a href=\"mailto:direccionempresarial@casanare.gov.co\" target=\"_blank\" rel=\"noopener\">direccionempresarial@casanare.<wbr \/>gov.co<\/a>\u00a0o al n\u00famero telef\u00f3nico: (038) 6336339 ext. 1111.<\/p>\n<p>Fuente y Fotograf\u00eda Gobernaci\u00f3n de Casanare<\/p>\n","protected":false},"excerpt":{"rendered":"<p>La Gobernaci\u00f3n de Casanare a trav\u00e9s de la Direcci\u00f3n T\u00e9cnica Empresarial de la Secretar\u00eda de Desarrollo Econ\u00f3mico, Agricultura, Ganader\u00eda y Medio Ambiente, invita a MIPYMES, artesanos, empresarios, productores agroindustriales y representantes de gremios o asociaciones del sector agroindustrial, de productos frescos o que se encuentren transformando materias primas en el departamento, a postularse para participar [&hellip;]<\/p>\n","protected":false},"author":1,"featured_media":0,"comment_status":"closed","ping_status":"closed","sticky":false,"template":"","format":"standard","meta":{"footnotes":""},"categories":[2,66,4897,8492,8493,132,9680],"tags":[9582,60,3,61,10660,332,1917,238,16],"class_list":["post-37556","post","type-post","status-publish","format-standard","hentry","category-casanare","category-destacadas","category-economia","category-noticias-casanare","category-noticias-de-casanare","category-orinoquia","category-region","tag-agroexpo","tag-bogota","tag-casanare","tag-corferias","tag-delegacion","tag-gobernacion-de-casanare","tag-mipymes","tag-radio-noticias-casanare","tag-yopal"],"_links":{"self":[{"href":"https:\/\/radionoticiascasanare.com\/inicio\/wp-json\/wp\/v2\/posts\/37556","targetHints":{"allow":["GET"]}}],"collection":[{"href":"https:\/\/radionoticiascasanare.com\/inicio\/wp-json\/wp\/v2\/posts"}],"about":[{"href":"https:\/\/radionoticiascasanare.com\/inicio\/wp-json\/wp\/v2\/types\/post"}],"author":[{"embeddable":true,"href":"https:\/\/radionoticiascasanare.com\/inicio\/wp-json\/wp\/v2\/users\/1"}],"replies":[{"embeddable":true,"href":"https:\/\/radionoticiascasanare.com\/inicio\/wp-json\/wp\/v2\/comments?post=37556"}],"version-history":[{"count":0,"href":"https:\/\/radionoticiascasanare.com\/inicio\/wp-json\/wp\/v2\/posts\/37556\/revisions"}],"wp:attachment":[{"href":"https:\/\/radionoticiascasanare.com\/inicio\/wp-json\/wp\/v2\/media?parent=37556"}],"wp:term":[{"taxonomy":"category","embeddable":true,"href":"https:\/\/radionoticiascasanare.com\/inicio\/wp-json\/wp\/v2\/categories?post=37556"},{"taxonomy":"post_tag","embeddable":true,"href":"https:\/\/radionoticiascasanare.com\/inicio\/wp-json\/wp\/v2\/tags?post=37556"}],"curies":[{"name":"wp","href":"https:\/\/api.w.org\/{rel}","templated":true}]}}