{"id":37623,"date":"2021-09-27T07:15:43","date_gmt":"2021-09-27T12:15:43","guid":{"rendered":"https:\/\/radionoticiascasanare.com\/inicio\/?p=37623"},"modified":"2021-09-27T07:15:43","modified_gmt":"2021-09-27T12:15:43","slug":"con-exito-se-desarrollo-la-estrategia-yo-planifico-mi-futuro-durante-la-semana-andina-en-casanare","status":"publish","type":"post","link":"https:\/\/radionoticiascasanare.com\/inicio\/con-exito-se-desarrollo-la-estrategia-yo-planifico-mi-futuro-durante-la-semana-andina-en-casanare\/","title":{"rendered":"Con \u00e9xito se desarrollo la estrategia &#8216;Yo planifico mi futuro&#8217; durante la semana Andina en Casanare"},"content":{"rendered":"<p><img fetchpriority=\"high\" decoding=\"async\" class=\" wp-image-37626 alignleft\" src=\"https:\/\/radionoticiascasanare.com\/inicio\/wp-content\/uploads\/2021\/09\/Yo-Planifico-Mi-Futuro1-287x192.jpeg\" alt=\"\" width=\"302\" height=\"202\" \/>Cerca de 100 adolescentes de diferentes sectores del Departamento recibieron orientaci\u00f3n psicol\u00f3gica personalizada sobre la importancia de cumplir sus sue\u00f1os y planear un mejor futuro, haciendo \u00e9nfasis en su desarrollo personal, social y profesional; una estrategia con nombre \u201cYo Planifico mi Futuro\u201d liderado por la Secretar\u00eda de Integraci\u00f3n, Desarrollo Social y Mujer.<\/p>\n<p>La Semana Andina busca sensibilizar sobre las acciones que a\u00f1o a a\u00f1o se desarrollan a trav\u00e9s de diferentes entidades del orden nacional y regional para prevenir y\/o disminuir la fecundidad en la infancia y etapa de adolescencia, en los pa\u00edses que firmaron el Pacto Andino por la prevenci\u00f3n de embarazos.<\/p>\n<p>Ch\u00e1meza, T\u00e1mara, Pore y Yopal fueron sede de los 4 talleres \u201cYo Planifico mi futuro\u201d que fortalecieron el plan de vida de estos 100 adolescentes de forma directa, para as\u00ed convertirse en replicadores de un futuro mejor con sus padres, hermanos, amigos y entorno social.<\/p>\n<p>Con \u00e9xito se vivi\u00f3 la Semana Andina en Casanare, gracias a espacios de reflexi\u00f3n, intercambio de experiencias, conversatorios, construcci\u00f3n de un proyecto de vida y detalles como incentivo a gozar su vida antes de crear una nueva vida.<\/p>\n<div>\n<div dir=\"ltr\" data-smartmail=\"gmail_signature\">\n<div dir=\"ltr\">\n<div>\n<div dir=\"ltr\">\n<div>\n<div dir=\"ltr\">\n<div>\n<div dir=\"ltr\">\n<div>\n<div dir=\"ltr\">\n<div>\n<div dir=\"ltr\">\n<div>\n<div dir=\"ltr\">\n<div>\n<div dir=\"ltr\">\n<div>\n<div dir=\"ltr\">\n<div>\n<div dir=\"ltr\">Fuente y Fotograf\u00eda Gobernaci\u00f3n de Casanare<\/div>\n<\/div>\n<\/div>\n<\/div>\n<\/div>\n<\/div>\n<\/div>\n<\/div>\n<\/div>\n<\/div>\n<\/div>\n<\/div>\n<\/div>\n<\/div>\n<\/div>\n<\/div>\n<\/div>\n<\/div>\n<\/div>\n<\/div>\n<\/div>\n","protected":false},"excerpt":{"rendered":"<p>Cerca de 100 adolescentes de diferentes sectores del Departamento recibieron orientaci\u00f3n psicol\u00f3gica personalizada sobre la importancia de cumplir sus sue\u00f1os y planear un mejor futuro, haciendo \u00e9nfasis en su desarrollo personal, social y profesional; una estrategia con nombre \u201cYo Planifico mi Futuro\u201d liderado por la Secretar\u00eda de Integraci\u00f3n, Desarrollo Social y Mujer. La Semana Andina [&hellip;]<\/p>\n","protected":false},"author":1,"featured_media":0,"comment_status":"closed","ping_status":"closed","sticky":false,"template":"","format":"standard","meta":{"footnotes":""},"categories":[2,66,8492,8493,132,9680],"tags":[3,15371,2414,238,4989,15281,16],"class_list":["post-37623","post","type-post","status-publish","format-standard","hentry","category-casanare","category-destacadas","category-noticias-casanare","category-noticias-de-casanare","category-orinoquia","category-region","tag-casanare","tag-embarazo-adolescente","tag-estrategia","tag-radio-noticias-casanare","tag-semana-andina","tag-yo-planifico-mi-futuro","tag-yopal"],"_links":{"self":[{"href":"https:\/\/radionoticiascasanare.com\/inicio\/wp-json\/wp\/v2\/posts\/37623","targetHints":{"allow":["GET"]}}],"collection":[{"href":"https:\/\/radionoticiascasanare.com\/inicio\/wp-json\/wp\/v2\/posts"}],"about":[{"href":"https:\/\/radionoticiascasanare.com\/inicio\/wp-json\/wp\/v2\/types\/post"}],"author":[{"embeddable":true,"href":"https:\/\/radionoticiascasanare.com\/inicio\/wp-json\/wp\/v2\/users\/1"}],"replies":[{"embeddable":true,"href":"https:\/\/radionoticiascasanare.com\/inicio\/wp-json\/wp\/v2\/comments?post=37623"}],"version-history":[{"count":0,"href":"https:\/\/radionoticiascasanare.com\/inicio\/wp-json\/wp\/v2\/posts\/37623\/revisions"}],"wp:attachment":[{"href":"https:\/\/radionoticiascasanare.com\/inicio\/wp-json\/wp\/v2\/media?parent=37623"}],"wp:term":[{"taxonomy":"category","embeddable":true,"href":"https:\/\/radionoticiascasanare.com\/inicio\/wp-json\/wp\/v2\/categories?post=37623"},{"taxonomy":"post_tag","embeddable":true,"href":"https:\/\/radionoticiascasanare.com\/inicio\/wp-json\/wp\/v2\/tags?post=37623"}],"curies":[{"name":"wp","href":"https:\/\/api.w.org\/{rel}","templated":true}]}}