{"id":38145,"date":"2021-11-09T12:19:29","date_gmt":"2021-11-09T17:19:29","guid":{"rendered":"https:\/\/radionoticiascasanare.com\/inicio\/?p=38145"},"modified":"2021-11-09T12:19:29","modified_gmt":"2021-11-09T17:19:29","slug":"recursos-y-acciones-para-victimas-y-acuerdo-de-paz-no-cierran-brecha-de-genero-indican-informes-de-la-contraloria","status":"publish","type":"post","link":"https:\/\/radionoticiascasanare.com\/inicio\/recursos-y-acciones-para-victimas-y-acuerdo-de-paz-no-cierran-brecha-de-genero-indican-informes-de-la-contraloria\/","title":{"rendered":"Recursos y acciones para v\u00edctimas y Acuerdo de Paz no cierran brecha de g\u00e9nero, indican informes de la Contralor\u00eda"},"content":{"rendered":"<p><img fetchpriority=\"high\" decoding=\"async\" class=\"size-medium wp-image-27308 alignleft\" src=\"https:\/\/radionoticiascasanare.com\/inicio\/wp-content\/uploads\/2020\/04\/CONTRALORIA-320x170.jpg\" alt=\"\" width=\"320\" height=\"170\" \/>Como insuficientes consider\u00f3 la Contralor\u00eda General de la Rep\u00fablica los recursos destinados a la aplicaci\u00f3n del enfoque de g\u00e9nero en el marco de la Pol\u00edtica de V\u00edctimas y el Acuerdo de Paz, en dos informes para el per\u00edodo 2020-201 que elabor\u00f3 el organismo de control con la financiaci\u00f3n de la Uni\u00f3n Europea.<\/p>\n<p>En promedio s\u00f3lo un 4% del total de los recursos del Presupuesto General de la Naci\u00f3n dirigidos a la implementaci\u00f3n de los acuerdos de paz pudieron ser identificados para acciones de g\u00e9nero.<\/p>\n<p>A\u00fan as\u00ed, debe resaltarse que entre 2020 y 2021 hubo un crecimiento del 7,7 % en los dineros orientados a la aplicaci\u00f3n de acciones de g\u00e9nero en el Acuerdo de Paz.<\/p>\n<p>En los an\u00e1lisis de la Contralor\u00eda se encontr\u00f3 que no se cuenta con un identificador de los recursos de g\u00e9nero en el trazador presupuestal de construcci\u00f3n de paz, que permita visibilizar y dar seguimiento a los recursos destinados para la implementaci\u00f3n de este enfoque.<\/p>\n<p>S\u00f3lo el 11 % del total de recursos destinados a la Pol\u00edtica de Atenci\u00f3n y Reparaci\u00f3n Integral para las V\u00edctimas en las vigencias 2020 a 2021 fue marcado como orientado a acciones de g\u00e9nero. Sin embargo, apenas el 2% de estos recursos son exclusivos para las mujeres v\u00edctimas del conflicto armado.<\/p>\n<p>Las cifras se dieron a conocer en el Foro \u201cV\u00edctimas y construcci\u00f3n de paz con enfoque de g\u00e9nero: \u00bfEn qu\u00e9 se han invertido y qu\u00e9 hace falta?\u201d.<\/p>\n<p><b>No todo lo reportado se invierte en enfoque de g\u00e9nero\u00a0<\/b><\/p>\n<p>Un hecho que llama la atenci\u00f3n a la CGR es que en las vigencias analizadas (2020 y 2021) para las dos pol\u00edticas (v\u00edctimas y acuerdos de paz), no todos los recursos reportados como focalizados en enfoque de g\u00e9nero se invirtieron en su implementaci\u00f3n.<\/p>\n<p>En algunos proyectos, simplemente se utiliz\u00f3 el marcador como un contador de mujeres que acceden a los programas sin que se pongan en marcha acciones diferenciales.<\/p>\n<p><b>Faltan diagn\u00f3sticos de g\u00e9nero\u00a0<\/b><\/p>\n<p>Se identific\u00f3 tambi\u00e9n que no se ha logrado transversalizar el enfoque de g\u00e9nero en el ciclo de formulaci\u00f3n e implementaci\u00f3n de la pol\u00edtica p\u00fablica de v\u00edctimas.<\/p>\n<p><span lang=\"ES-TRAD\">En este sentido, las entidades no cuentan, en general, con diagn\u00f3sticos de g\u00e9nero espec\u00edficos que sirvan de base para conocer las condiciones de hombres, mujeres y poblaci\u00f3n LGTBI.\u00a0<\/span><\/p>\n<p><span lang=\"ES-TRAD\">Tal situaci\u00f3n limita la formulaci\u00f3n de programas de esta pol\u00edtica para identificar acciones concretas que permitan cerrar brechas de g\u00e9nero. \u00a0<\/span><\/p>\n<p><span lang=\"ES-TRAD\">\u00a0<\/span><span lang=\"ES-TRAD\">En consecuencia, atendiendo el inter\u00e9s del Contralor Felipe C\u00f3rdoba, en el seguimiento a pol\u00edticas de poblaciones vulnerables, la Contralor\u00eda General seguir\u00e1 evaluando la gesti\u00f3n de los recursos p\u00fablicos en materia de g\u00e9nero y v\u00edctimas\u201d, afirm\u00f3 el Contralor Delegado para el Posconflicto, Juan Carlos Gualdr\u00f3n. \u00a0<\/span><\/p>\n<p>Fuente y Fotograf\u00eda Contralor\u00eda General de la Rep\u00fablica<\/p>\n","protected":false},"excerpt":{"rendered":"<p>Como insuficientes consider\u00f3 la Contralor\u00eda General de la Rep\u00fablica los recursos destinados a la aplicaci\u00f3n del enfoque de g\u00e9nero en el marco de la Pol\u00edtica de V\u00edctimas y el Acuerdo de Paz, en dos informes para el per\u00edodo 2020-201 que elabor\u00f3 el organismo de control con la financiaci\u00f3n de la Uni\u00f3n Europea. En promedio s\u00f3lo [&hellip;]<\/p>\n","protected":false},"author":1,"featured_media":0,"comment_status":"closed","ping_status":"closed","sticky":false,"template":"","format":"standard","meta":{"footnotes":""},"categories":[66,51],"tags":[89,2045,10045,238,3086],"class_list":["post-38145","post","type-post","status-publish","format-standard","hentry","category-destacadas","category-nacional","tag-acuerdos-de-paz","tag-contraloria-general-de-la-republica","tag-presupuesto-general-de-la-nacion","tag-radio-noticias-casanare","tag-victimas-de-la-violencia"],"_links":{"self":[{"href":"https:\/\/radionoticiascasanare.com\/inicio\/wp-json\/wp\/v2\/posts\/38145","targetHints":{"allow":["GET"]}}],"collection":[{"href":"https:\/\/radionoticiascasanare.com\/inicio\/wp-json\/wp\/v2\/posts"}],"about":[{"href":"https:\/\/radionoticiascasanare.com\/inicio\/wp-json\/wp\/v2\/types\/post"}],"author":[{"embeddable":true,"href":"https:\/\/radionoticiascasanare.com\/inicio\/wp-json\/wp\/v2\/users\/1"}],"replies":[{"embeddable":true,"href":"https:\/\/radionoticiascasanare.com\/inicio\/wp-json\/wp\/v2\/comments?post=38145"}],"version-history":[{"count":0,"href":"https:\/\/radionoticiascasanare.com\/inicio\/wp-json\/wp\/v2\/posts\/38145\/revisions"}],"wp:attachment":[{"href":"https:\/\/radionoticiascasanare.com\/inicio\/wp-json\/wp\/v2\/media?parent=38145"}],"wp:term":[{"taxonomy":"category","embeddable":true,"href":"https:\/\/radionoticiascasanare.com\/inicio\/wp-json\/wp\/v2\/categories?post=38145"},{"taxonomy":"post_tag","embeddable":true,"href":"https:\/\/radionoticiascasanare.com\/inicio\/wp-json\/wp\/v2\/tags?post=38145"}],"curies":[{"name":"wp","href":"https:\/\/api.w.org\/{rel}","templated":true}]}}