{"id":39677,"date":"2022-03-01T03:30:29","date_gmt":"2022-03-01T08:30:29","guid":{"rendered":"https:\/\/radionoticiascasanare.com\/inicio\/?p=39677"},"modified":"2022-03-01T03:30:29","modified_gmt":"2022-03-01T08:30:29","slug":"en-dos-allanamientos-en-arauca-y-saravena-se-encontraron-elementos-de-guerra-y-explosivos","status":"publish","type":"post","link":"https:\/\/radionoticiascasanare.com\/inicio\/en-dos-allanamientos-en-arauca-y-saravena-se-encontraron-elementos-de-guerra-y-explosivos\/","title":{"rendered":"En dos allanamientos, en Arauca y Saravena se encontraron elementos de guerra y explosivos"},"content":{"rendered":"<p style=\"text-align: justify;\"><img fetchpriority=\"high\" decoding=\"async\" class=\"size-medium wp-image-39678 alignleft\" src=\"https:\/\/radionoticiascasanare.com\/inicio\/wp-content\/uploads\/2022\/02\/material-de-guerra-Saravena-y-Arauca-304x192.jpeg\" alt=\"\" width=\"304\" height=\"192\" \/>Bajo la coordinaci\u00f3n de una fiscal\u00eda seccional de Arauca, unidades del Ej\u00e9rcito, la Polic\u00eda Nacional y la Fuerza A\u00e9rea Colombiana hallaron en los municipios de Arauca y Saravena en Arauca, gran cantidad de material de guerra, que al parecer iban a ser utilizados en acciones terroristas contra la fuerza p\u00fablica y la comunidad de esa regi\u00f3n .<\/p>\n<p>La primera incautaci\u00f3n se adelant\u00f3 este 24 de febrero en el barrio Fundadores de la ciudad de Arauca en Arauca, en el cual en un procedimiento de registro y allanamiento, se logr\u00f3 la incautaci\u00f3n de un fusil Galil calibre 5.56 mm, un fusil AK, cuatro fusiles FN, dos proveedores para fusil M16, 46 proveedores para fusil, tres granadas de fragmentaci\u00f3n, 1.137 cartuchos calibre 5.56 mm, 412 cartuchos calibre 7.62 mm, 310 iniciadores para cargas explosivas, 20 panfletos extorsivos alusivos a las FARC y un sello para marcar su propaganda extorsiva.<\/p>\n<p>Por otra parte, en diligencia de registro y allanamiento a una residencia del barrio San Jorge de Saravena en Arauca, que se adelant\u00f3 el 25 de febrero pasado cuando se pretend\u00eda realizar capturas y obtener elementos materiales probatorios, las autoridades hallaron al llegar al lugar dentro de la maleza que rodeaba la casa dos cilindros de 10 litros acondicionados con explosivos.<\/p>\n<p>Ante un juez con funciones de control de garant\u00edas de Arauca, se legaliz\u00f3 la incautaci\u00f3n y el ente acusador abri\u00f3 investigaci\u00f3n por el delito de fabricaci\u00f3n, tr\u00e1fico y porte de armas, municiones de uso restringido, de uso privativo de las fuerzas armadas o explosivos.<\/p>\n<p>Se presume que el material de guerra incautado al parecer ser\u00eda de propiedad del grupo armado organizado residual E-10 Frente Mart\u00edn Villa, con injerencia delictiva en el\u00a0departamento de Arauca.<\/p>\n<p>En los procedimientos no se presentaron capturas.<\/p>\n<p>Fuente y Fotograf\u00eda Fiscal\u00eda General de la Naci\u00f3n<\/p>\n","protected":false},"excerpt":{"rendered":"<p>Bajo la coordinaci\u00f3n de una fiscal\u00eda seccional de Arauca, unidades del Ej\u00e9rcito, la Polic\u00eda Nacional y la Fuerza A\u00e9rea Colombiana hallaron en los municipios de Arauca y Saravena en Arauca, gran cantidad de material de guerra, que al parecer iban a ser utilizados en acciones terroristas contra la fuerza p\u00fablica y la comunidad de esa [&hellip;]<\/p>\n","protected":false},"author":1,"featured_media":0,"comment_status":"closed","ping_status":"closed","sticky":false,"template":"","format":"standard","meta":{"footnotes":""},"categories":[66,27,132],"tags":[128,13084,428,12075,3314,277,217,238,602],"class_list":["post-39677","post","type-post","status-publish","format-standard","hentry","category-destacadas","category-judicial","category-orinoquia","tag-arauca","tag-cilindros","tag-explosivos","tag-fusiles","tag-granadas","tag-judicial","tag-material-de-guerra","tag-radio-noticias-casanare","tag-saravena"],"_links":{"self":[{"href":"https:\/\/radionoticiascasanare.com\/inicio\/wp-json\/wp\/v2\/posts\/39677","targetHints":{"allow":["GET"]}}],"collection":[{"href":"https:\/\/radionoticiascasanare.com\/inicio\/wp-json\/wp\/v2\/posts"}],"about":[{"href":"https:\/\/radionoticiascasanare.com\/inicio\/wp-json\/wp\/v2\/types\/post"}],"author":[{"embeddable":true,"href":"https:\/\/radionoticiascasanare.com\/inicio\/wp-json\/wp\/v2\/users\/1"}],"replies":[{"embeddable":true,"href":"https:\/\/radionoticiascasanare.com\/inicio\/wp-json\/wp\/v2\/comments?post=39677"}],"version-history":[{"count":0,"href":"https:\/\/radionoticiascasanare.com\/inicio\/wp-json\/wp\/v2\/posts\/39677\/revisions"}],"wp:attachment":[{"href":"https:\/\/radionoticiascasanare.com\/inicio\/wp-json\/wp\/v2\/media?parent=39677"}],"wp:term":[{"taxonomy":"category","embeddable":true,"href":"https:\/\/radionoticiascasanare.com\/inicio\/wp-json\/wp\/v2\/categories?post=39677"},{"taxonomy":"post_tag","embeddable":true,"href":"https:\/\/radionoticiascasanare.com\/inicio\/wp-json\/wp\/v2\/tags?post=39677"}],"curies":[{"name":"wp","href":"https:\/\/api.w.org\/{rel}","templated":true}]}}