{"id":39834,"date":"2022-03-07T07:19:06","date_gmt":"2022-03-07T12:19:06","guid":{"rendered":"https:\/\/radionoticiascasanare.com\/inicio\/?p=39834"},"modified":"2022-03-07T07:19:06","modified_gmt":"2022-03-07T12:19:06","slug":"ucrania-suspende-las-exportaciones-de-varios-productos","status":"publish","type":"post","link":"https:\/\/radionoticiascasanare.com\/inicio\/ucrania-suspende-las-exportaciones-de-varios-productos\/","title":{"rendered":"Ucrania suspende las exportaciones de varios productos"},"content":{"rendered":"<figure id=\"attachment_39838\" aria-describedby=\"caption-attachment-39838\" style=\"width: 311px\" class=\"wp-caption alignleft\"><img fetchpriority=\"high\" decoding=\"async\" class=\"size-medium wp-image-39838\" src=\"https:\/\/radionoticiascasanare.com\/inicio\/wp-content\/uploads\/2022\/03\/Exportaciones_0-311x192.jpg\" alt=\"\" width=\"311\" height=\"192\" \/><figcaption id=\"caption-attachment-39838\" class=\"wp-caption-text\">Elnuevosiglo.com<\/figcaption><\/figure>\n<p><strong>El Gobierno ucraniano ha suspendido este domingo las exportaciones de carne, trigo, az\u00facar y otros productos debido a la invasi\u00f3n militar rusa de Ucrania.<\/strong><\/p>\n<p>Las\u00a0<strong>exportaciones de trigo, ma\u00edz, aves de corral, huevos y aceite s\u00f3lo se permitir\u00e1n con el permiso del Ministerio de Econom\u00eda<\/strong>, seg\u00fan ha informado el Gobierno de Ucrania en un comunicado.<\/p>\n<p>&nbsp;<\/p>\n<p>El <strong>primer ministro Denis Shmygal<\/strong>\u00a0ha indicado que el Gobierno hab\u00eda decidido restringir la exportaci\u00f3n de una serie de bienes y materias primas socialmente importantes, seg\u00fan ha informado el diario ucraniano &#8216;Ukrayinska Pravda&#8217;.<\/p>\n<p>Los\u00a0<strong>sectores de alimentaci\u00f3n, automoci\u00f3n, tecnolog\u00eda y energ\u00eda fueron los primeros que m\u00e1s da\u00f1os recibieron en su cadena de suministro mundial<\/strong>\u00a0por el impacto provocado por la invasi\u00f3n de Rusia en Ucrania, seg\u00fan inform\u00f3 la Organizaci\u00f3n Empresarial de Log\u00edstica y Transporte de Espa\u00f1a, UNO.<\/p>\n<p>Fuente y fotograf\u00eda Elnuevosiglo.com<\/p>\n","protected":false},"excerpt":{"rendered":"<p>El Gobierno ucraniano ha suspendido este domingo las exportaciones de carne, trigo, az\u00facar y otros productos debido a la invasi\u00f3n militar rusa de Ucrania. Las\u00a0exportaciones de trigo, ma\u00edz, aves de corral, huevos y aceite s\u00f3lo se permitir\u00e1n con el permiso del Ministerio de Econom\u00eda, seg\u00fan ha informado el Gobierno de Ucrania en un comunicado. &nbsp; [&hellip;]<\/p>\n","protected":false},"author":1,"featured_media":0,"comment_status":"closed","ping_status":"closed","sticky":false,"template":"","format":"standard","meta":{"footnotes":""},"categories":[85],"tags":[16291,16292,5399,654,16293,238,13555,16294,10801,16295],"class_list":["post-39834","post","type-post","status-publish","format-standard","hentry","category-internacional","tag-azucar","tag-care","tag-exportaciones","tag-internacional","tag-invasion-militar-rusa","tag-radio-noticias-casanare","tag-suspendidas","tag-trigo","tag-ucrania","tag-varios-productos"],"_links":{"self":[{"href":"https:\/\/radionoticiascasanare.com\/inicio\/wp-json\/wp\/v2\/posts\/39834","targetHints":{"allow":["GET"]}}],"collection":[{"href":"https:\/\/radionoticiascasanare.com\/inicio\/wp-json\/wp\/v2\/posts"}],"about":[{"href":"https:\/\/radionoticiascasanare.com\/inicio\/wp-json\/wp\/v2\/types\/post"}],"author":[{"embeddable":true,"href":"https:\/\/radionoticiascasanare.com\/inicio\/wp-json\/wp\/v2\/users\/1"}],"replies":[{"embeddable":true,"href":"https:\/\/radionoticiascasanare.com\/inicio\/wp-json\/wp\/v2\/comments?post=39834"}],"version-history":[{"count":0,"href":"https:\/\/radionoticiascasanare.com\/inicio\/wp-json\/wp\/v2\/posts\/39834\/revisions"}],"wp:attachment":[{"href":"https:\/\/radionoticiascasanare.com\/inicio\/wp-json\/wp\/v2\/media?parent=39834"}],"wp:term":[{"taxonomy":"category","embeddable":true,"href":"https:\/\/radionoticiascasanare.com\/inicio\/wp-json\/wp\/v2\/categories?post=39834"},{"taxonomy":"post_tag","embeddable":true,"href":"https:\/\/radionoticiascasanare.com\/inicio\/wp-json\/wp\/v2\/tags?post=39834"}],"curies":[{"name":"wp","href":"https:\/\/api.w.org\/{rel}","templated":true}]}}