{"id":40545,"date":"2022-04-18T06:56:48","date_gmt":"2022-04-18T11:56:48","guid":{"rendered":"https:\/\/radionoticiascasanare.com\/inicio\/?p=40545"},"modified":"2022-04-18T06:56:48","modified_gmt":"2022-04-18T11:56:48","slug":"administracion-departamental-invita-al-sector-ganadero-a-realizar-denuncias-cuando-se-requiera-y-asi-reducir-casos-de-abigeato","status":"publish","type":"post","link":"https:\/\/radionoticiascasanare.com\/inicio\/administracion-departamental-invita-al-sector-ganadero-a-realizar-denuncias-cuando-se-requiera-y-asi-reducir-casos-de-abigeato\/","title":{"rendered":"Administraci\u00f3n departamental invita al sector ganadero a realizar denuncias cuando se requiera y as\u00ed reducir casos de abigeato"},"content":{"rendered":"<p><img fetchpriority=\"high\" decoding=\"async\" class=\"size-medium wp-image-40546 alignleft\" src=\"https:\/\/radionoticiascasanare.com\/inicio\/wp-content\/uploads\/2022\/04\/se-busca-reducir-los-casos-de-abigeato-en-Pore-2-320x164.jpeg\" alt=\"\" width=\"320\" height=\"164\" \/>Con el objetivo de dar continuidad a la estrategia de invitar a la comunidad en especial del sector ganadero, a que realicen el ejercicio de la denuncia y la utilizaci\u00f3n de las l\u00edneas de la denuncia, el equipo de gestores de Seguridad y Convivencia de la Gobernaci\u00f3n, llegaron a Pore para concretar en articulaci\u00f3n con la Alcald\u00eda, el comit\u00e9 de reacci\u00f3n inmediata en recepci\u00f3n de denuncias.<\/p>\n<p>En la mesa de trabajo presidida por Cristina Guarnizo Tibaduiza, alcaldesa de Pore, se defini\u00f3 que para el 18, 19 y 20 de este mes, el equipo de gestores de la Gobernaci\u00f3n, realicen la capacitaci\u00f3n en recepci\u00f3n de denuncias, en los sectores de La Plata, Miralindo, El Banco y las veredas de la Cordillera, con el fin de que las autoridades, puedan actuar con efectividad en los procesos e investigaciones adelantadas hasta el momento y as\u00ed se pueda judicializar a los delincuentes y disminuir este flagelo en la regi\u00f3n.<\/p>\n<p>El recinto tambi\u00e9n estuvo acompa\u00f1ado por los representantes del Comit\u00e9 de Ganaderos del municipio, presidentes de las Juntas de Acci\u00f3n Comunal, Ej\u00e9rcito Nacional y Polic\u00eda Nacional.<\/p>\n<p>\u201cEn pr\u00f3ximos d\u00edas, convocaremos a una Asamblea General con todos los miembros del Comit\u00e9 de Ganaderos y personas damnificadas en el municipio, para hablar sobre las denuncias y tomar las acciones respectivas\u201d, manifest\u00f3 la alcaldesa Cristina Guarnizo.<\/p>\n<p>\u201cCon nuestro equipo de gestores de seguridad y convivencia, seguiremos llegando a m\u00e1s municipios, invitando a las comunidades a que realicen sus denuncias, de igual manera continuaremos trabajando articuladamente con las autoridades para capacitar a los funcionarios de los entes territoriales, para que la recepci\u00f3n de las denuncias, sea m\u00e1s f\u00e1cil y asequible a los habitantes\u201d. Concluy\u00f3 el Mayor Jos\u00e9 Alexander Pinto, Director de Seguridad y Convivencia de Casanare.<\/p>\n<p>Fuente y Fotograf\u00eda Gobernaci\u00f3n de Casanare<\/p>\n","protected":false},"excerpt":{"rendered":"<p>Con el objetivo de dar continuidad a la estrategia de invitar a la comunidad en especial del sector ganadero, a que realicen el ejercicio de la denuncia y la utilizaci\u00f3n de las l\u00edneas de la denuncia, el equipo de gestores de Seguridad y Convivencia de la Gobernaci\u00f3n, llegaron a Pore para concretar en articulaci\u00f3n con [&hellip;]<\/p>\n","protected":false},"author":1,"featured_media":0,"comment_status":"closed","ping_status":"closed","sticky":false,"template":"","format":"standard","meta":{"footnotes":""},"categories":[2,66,8492,8493,132,9680],"tags":[548,3,5327,76,238,16564],"class_list":["post-40545","post","type-post","status-publish","format-standard","hentry","category-casanare","category-destacadas","category-noticias-casanare","category-noticias-de-casanare","category-orinoquia","category-region","tag-abigeato","tag-casanare","tag-denuncias","tag-pore","tag-radio-noticias-casanare","tag-sector-ganadero"],"_links":{"self":[{"href":"https:\/\/radionoticiascasanare.com\/inicio\/wp-json\/wp\/v2\/posts\/40545","targetHints":{"allow":["GET"]}}],"collection":[{"href":"https:\/\/radionoticiascasanare.com\/inicio\/wp-json\/wp\/v2\/posts"}],"about":[{"href":"https:\/\/radionoticiascasanare.com\/inicio\/wp-json\/wp\/v2\/types\/post"}],"author":[{"embeddable":true,"href":"https:\/\/radionoticiascasanare.com\/inicio\/wp-json\/wp\/v2\/users\/1"}],"replies":[{"embeddable":true,"href":"https:\/\/radionoticiascasanare.com\/inicio\/wp-json\/wp\/v2\/comments?post=40545"}],"version-history":[{"count":0,"href":"https:\/\/radionoticiascasanare.com\/inicio\/wp-json\/wp\/v2\/posts\/40545\/revisions"}],"wp:attachment":[{"href":"https:\/\/radionoticiascasanare.com\/inicio\/wp-json\/wp\/v2\/media?parent=40545"}],"wp:term":[{"taxonomy":"category","embeddable":true,"href":"https:\/\/radionoticiascasanare.com\/inicio\/wp-json\/wp\/v2\/categories?post=40545"},{"taxonomy":"post_tag","embeddable":true,"href":"https:\/\/radionoticiascasanare.com\/inicio\/wp-json\/wp\/v2\/tags?post=40545"}],"curies":[{"name":"wp","href":"https:\/\/api.w.org\/{rel}","templated":true}]}}