{"id":40589,"date":"2022-04-20T08:05:33","date_gmt":"2022-04-20T13:05:33","guid":{"rendered":"https:\/\/radionoticiascasanare.com\/inicio\/?p=40589"},"modified":"2022-04-20T08:05:33","modified_gmt":"2022-04-20T13:05:33","slug":"este-miercoles-20-de-abril-inician-los-talleres-de-fortalecimiento-a-artesanos-de-casanare-con-artesanias-de-colombia","status":"publish","type":"post","link":"https:\/\/radionoticiascasanare.com\/inicio\/este-miercoles-20-de-abril-inician-los-talleres-de-fortalecimiento-a-artesanos-de-casanare-con-artesanias-de-colombia\/","title":{"rendered":"Este mi\u00e9rcoles, 20 de abril, inician los talleres de fortalecimiento a artesanos de Casanare con Artesan\u00edas de Colombia"},"content":{"rendered":"<p class=\"MsoNormal\" style=\"margin-bottom: .0001pt; line-height: normal; background: white;\"><span style=\"color: #222222; font-family: Arial, sans-serif; font-size: 12pt;\"><img decoding=\"async\" class=\"wp-image-40591 alignleft\" src=\"https:\/\/radionoticiascasanare.com\/inicio\/wp-content\/uploads\/2022\/04\/Inician-talleres-de-fortalecimiento-a-artesanos-1-165x192.jpg\" alt=\"\" width=\"195\" height=\"227\" \/>A trav\u00e9s de la Gobernaci\u00f3n de Casanare y Secretar\u00eda de la Mujer del Departamento, el proyecto Expedici\u00f3n Orinoco abre las puertas a los artesanos de los 19 municipios del Departamento para fortalecer su arte, potencializarlo y visibilizarlo en el orden nacional e internacional, a trav\u00e9s de los procesos de formaci\u00f3n de Artesan\u00edas de Colombia.\u00a0<\/span><\/p>\n<p class=\"MsoNormal\" style=\"margin-bottom: .0001pt; line-height: normal; background: white;\"><span lang=\"ES-CO\" style=\"font-size: 12.0pt; font-family: 'Arial',sans-serif; mso-fareast-font-family: 'Times New Roman'; color: #222222; mso-ansi-language: ES-CO;\">\u00a0<\/span><\/p>\n<p class=\"MsoNormal\" style=\"margin-bottom: .0001pt; line-height: normal; background: white;\"><span lang=\"ES-CO\" style=\"font-size: 12.0pt; font-family: 'Arial',sans-serif; mso-fareast-font-family: 'Times New Roman'; color: #222222; mso-ansi-language: ES-CO;\">Este mi\u00e9rcoles 20 de abril del 2022, es la cita de socializaci\u00f3n de resultados del 2021 y plan de trabajo del 2022, a las 2:00 P.M., un taller virtual dispuesto en el siguiente enlace,\u00a0<\/span><span style=\"font-size: 12.0pt; font-family: 'Arial',sans-serif; mso-fareast-font-family: 'Times New Roman'; color: #222222;\"><a href=\"http:\/\/meet.google.com\/tyc-gcpz-cch\" target=\"_blank\" rel=\"noopener\"><span lang=\"ES-CO\" style=\"color: #1155cc; mso-ansi-language: ES-CO;\">http:\/\/meet.google.com\/tyc-gcpz-cch<\/span><\/a><\/span><span lang=\"ES-CO\" style=\"font-size: 12.0pt; font-family: 'Arial',sans-serif; mso-fareast-font-family: 'Times New Roman'; color: #222222; mso-ansi-language: ES-CO;\">.\u00a0<\/span><\/p>\n<p class=\"MsoNormal\" style=\"margin-bottom: .0001pt; line-height: normal; background: white;\"><span lang=\"ES-CO\" style=\"font-size: 12.0pt; font-family: 'Arial',sans-serif; mso-fareast-font-family: 'Times New Roman'; color: #222222; mso-ansi-language: ES-CO;\">\u00a0<\/span><\/p>\n<p class=\"MsoNormal\" style=\"margin-bottom: .0001pt; line-height: normal; background: white;\"><span lang=\"ES-CO\" style=\"font-size: 12.0pt; font-family: 'Arial',sans-serif; mso-fareast-font-family: 'Times New Roman'; color: #222222; mso-ansi-language: ES-CO;\">Algunos participantes de este taller son: referente de Artesan\u00edas del Departamento Irma Pinz\u00f3n y conferencistas del orden nacional como Nydia Castellanos, Aida Perugache, Jos\u00e9 Argotty y Claudia Mej\u00eda.<\/span><\/p>\n<p class=\"MsoNormal\" style=\"margin-bottom: .0001pt; line-height: normal;\"><span lang=\"ES-CO\" style=\"font-size: 12.0pt; font-family: 'Times New Roman',serif; mso-fareast-font-family: 'Times New Roman'; mso-ansi-language: ES-CO;\">\u00a0<\/span><\/p>\n<p><span lang=\"ES-CO\" style=\"font-size: 12.0pt; font-family: 'Times New Roman',serif; mso-fareast-font-family: 'Times New Roman'; mso-ansi-language: ES-CO;\">Fuente y Fotograf\u00eda Gobernaci\u00f3n de Casanare <\/span><\/p>\n","protected":false},"excerpt":{"rendered":"<p>A trav\u00e9s de la Gobernaci\u00f3n de Casanare y Secretar\u00eda de la Mujer del Departamento, el proyecto Expedici\u00f3n Orinoco abre las puertas a los artesanos de los 19 municipios del Departamento para fortalecer su arte, potencializarlo y visibilizarlo en el orden nacional e internacional, a trav\u00e9s de los procesos de formaci\u00f3n de Artesan\u00edas de Colombia.\u00a0 \u00a0 [&hellip;]<\/p>\n","protected":false},"author":1,"featured_media":0,"comment_status":"closed","ping_status":"closed","sticky":false,"template":"","format":"standard","meta":{"footnotes":""},"categories":[2,66,8492,8493,132,9680],"tags":[9826,16577,3,238,5143],"class_list":["post-40589","post","type-post","status-publish","format-standard","hentry","category-casanare","category-destacadas","category-noticias-casanare","category-noticias-de-casanare","category-orinoquia","category-region","tag-artesanias","tag-artesanias-de-colombia","tag-casanare","tag-radio-noticias-casanare","tag-talleres"],"_links":{"self":[{"href":"https:\/\/radionoticiascasanare.com\/inicio\/wp-json\/wp\/v2\/posts\/40589","targetHints":{"allow":["GET"]}}],"collection":[{"href":"https:\/\/radionoticiascasanare.com\/inicio\/wp-json\/wp\/v2\/posts"}],"about":[{"href":"https:\/\/radionoticiascasanare.com\/inicio\/wp-json\/wp\/v2\/types\/post"}],"author":[{"embeddable":true,"href":"https:\/\/radionoticiascasanare.com\/inicio\/wp-json\/wp\/v2\/users\/1"}],"replies":[{"embeddable":true,"href":"https:\/\/radionoticiascasanare.com\/inicio\/wp-json\/wp\/v2\/comments?post=40589"}],"version-history":[{"count":0,"href":"https:\/\/radionoticiascasanare.com\/inicio\/wp-json\/wp\/v2\/posts\/40589\/revisions"}],"wp:attachment":[{"href":"https:\/\/radionoticiascasanare.com\/inicio\/wp-json\/wp\/v2\/media?parent=40589"}],"wp:term":[{"taxonomy":"category","embeddable":true,"href":"https:\/\/radionoticiascasanare.com\/inicio\/wp-json\/wp\/v2\/categories?post=40589"},{"taxonomy":"post_tag","embeddable":true,"href":"https:\/\/radionoticiascasanare.com\/inicio\/wp-json\/wp\/v2\/tags?post=40589"}],"curies":[{"name":"wp","href":"https:\/\/api.w.org\/{rel}","templated":true}]}}