{"id":42118,"date":"2022-07-21T07:25:53","date_gmt":"2022-07-21T12:25:53","guid":{"rendered":"https:\/\/radionoticiascasanare.com\/inicio\/?p=42118"},"modified":"2022-07-21T07:25:53","modified_gmt":"2022-07-21T12:25:53","slug":"tributaria-plan-de-desarrollo-y-presupuesto-agenda-del-legislativo","status":"publish","type":"post","link":"https:\/\/radionoticiascasanare.com\/inicio\/tributaria-plan-de-desarrollo-y-presupuesto-agenda-del-legislativo\/","title":{"rendered":"Tributaria, Plan de desarrollo y Presupuesto, agenda del Legislativo"},"content":{"rendered":"<figure id=\"attachment_42120\" aria-describedby=\"caption-attachment-42120\" style=\"width: 321px\" class=\"wp-caption alignleft\"><img fetchpriority=\"high\" decoding=\"async\" class=\" wp-image-42120\" src=\"https:\/\/radionoticiascasanare.com\/inicio\/wp-content\/uploads\/2022\/07\/08AJ-TOP-CONGRESO-ECONOMICO-21-JULIO-311x192.jpg\" alt=\"\" width=\"321\" height=\"198\" \/><figcaption id=\"caption-attachment-42120\" class=\"wp-caption-text\">elnuevosiglo.com<\/figcaption><\/figure>\n<p>Con la posesi\u00f3n del nuevo Congreso empieza la\u00a0<strong>agenda legislativa<\/strong>, y con ella, a tomar forma uno de los periodos de m\u00e1s expectativa para las fuerzas pol\u00edticas y econ\u00f3micas del pa\u00eds.<\/p>\n<p>La serie de reformas que plantea el nuevo gobierno, as\u00ed como la profundidad y car\u00e1cter estructural de estas, adem\u00e1s de un Parlamento que se ha renovado y tendr\u00e1 muchas caras nuevas, vaticinan una movida pol\u00edtica que de seguro tendr\u00e1 mucha tela para cortar.<\/p>\n<p>Sin duda, la\u00a0<strong>econom\u00eda ser\u00e1 el eje central de las primeras reformas<\/strong>\u00a0que llegar\u00e1n a las puertas de C\u00e1mara y Senado, y\u00a0son\u00a0los que mandar\u00e1n la parada durante los primeros meses de legislatura.<\/p>\n<p>Para conocer mejor cu\u00e1l ser\u00e1 esta agenda econ\u00f3mica que se tomar\u00e1 el Congreso, EL NUEVO SIGLO indag\u00f3 acerca de lo que se viene para los senadores y el pa\u00eds.<\/p>\n<p>El\u00a0<strong>docente universitario Jorge Coronel<\/strong>\u00a0le dijo a este diario que son tres los temas en materia econ\u00f3mica que deber\u00e1 atender inmediatamente el Congreso: \u201cEst\u00e1 muy claro que el gobierno quiere que la\u00a0<strong>reforma tributaria<\/strong>\u00a0sea uno de los temas que ingresen en la agenda legislativa desde el 7 de agosto, probablemente tras la posesi\u00f3n del presidente estar\u00eda radicando el proyecto del que ya se han dado algunas ideas\u201d.<\/p>\n<p>El siguiente tema, el cual se podr\u00e1 trabajar desde hoy mismo, es el del\u00a0<strong>Presupuesto General de la Naci\u00f3n<\/strong>, que lleva ya varias semanas radicado. De acuerdo con el analista Coronel, \u201cel segundo tema en materia econ\u00f3mica que ya se present\u00f3 en abril de este a\u00f1o es el presupuesto, ese ser\u00eda el otro ingrediente que estar\u00eda en la agenda\u201d.<\/p>\n<p><strong>Para el acad\u00e9mico, \u201cel tercero ser\u00eda naturalmente la presentaci\u00f3n del Plan Nacional de Desarrollo. Digamos que en esa l\u00ednea uno podr\u00eda decir que son los tres grandes temas que est\u00e1n insertos en la agenda legislativa, muy reci\u00e9n llegado el pr\u00f3ximo Gobierno\u201d, coment\u00f3.<\/strong><\/p>\n<p><strong>\u201cFast track\u201d<\/strong><\/p>\n<p>Una de las preocupaciones de algunos sectores es que, al ser temas prioritarios para el gobierno de Gustavo Petro, las reformas no tengan una discusi\u00f3n profunda y el debate se d\u00e9 de manera somera.<\/p>\n<p><strong>Es justamente la utilizaci\u00f3n del mecanismo de \u201cFast Track\u201d o v\u00eda r\u00e1pida, que dar\u00eda al Legislativo la potestad de realizar un menor n\u00famero de debates para poder aprobar un proyecto de ley.<\/strong><\/p>\n<p>\u201cSi bien hay unas fuerzas importantes que se han sumado al gobierno y que hacen parte de lo que se ha considerado este equipo de gobierno, o inclusive uno dir\u00eda que las fuerzas pol\u00edticas est\u00e1n dadas para que las reformas lleven su tr\u00e1nsito normal, eso no significa que no vaya a haber debates serios, profundos. Eso no significa que se vayan a aprobar pr\u00e1cticamente a pupitrazo, por decirlo de alguna manera, sino que creo que lo que va a haber es una discusi\u00f3n bien interesante en la construcci\u00f3n de esas reformas\u201d, explic\u00f3 Coronel.<\/p>\n<p><strong>\u201cM\u00e1s all\u00e1 de que varios partidos se hayan sumado al gobierno y que hayan decidido apoyarlo, lo que s\u00ed se ve es que hay unas fuerzas importantes para ayudar a que esas reformas no solo salgan, sino que salgan de la mejor manera. Creo que s\u00ed es una buena noticia para el pa\u00eds\u201d, agreg\u00f3.<\/strong><\/p>\n<p>&nbsp;<\/p>\n<p><strong>Temas en espera<\/strong><\/p>\n<p>A pesar de que estos temas son los m\u00e1s urgentes, no se debe olvidar que hay otras reformas que hacen fila para pasar por las comisiones econ\u00f3micas, entre ellas la reforma agraria, la reforma laboral, la reforma pensional y otras que tendr\u00e1n un impacto sobre las finanzas, como la reforma a la salud.<\/p>\n<p>Se\u00f1ala el experto que algunas de las iniciativas podr\u00edan entrar durante esta primera mitad de la legislatura. \u201cPor lo que se conoce de algunos voceros del Gobierno y del equipo de empalme es que la reforma tributaria y la de Desarrollo Rural Integral deber\u00edan entrar pr\u00e1cticamente el 7 de agosto o por esos d\u00edas, es decir, que estar\u00edan dentro de la agenda al principio. Parece que las otras reformas que se han anunciado como prioritarias, la pensional, la misma de la salud, podr\u00edan tardarse m\u00e1s tiempo y he escuchado que algunas podr\u00edan inclusive quedarse para el pr\u00f3ximo a\u00f1o\u201d, comenta Coronel.<\/p>\n<p><strong>Prioridad: tributaria<\/strong><\/p>\n<p>Tal cual lo ha dicho el presidente electo Gustavo Petro, el punto m\u00e1s importante una vez se posesione es el de sacar adelante la reforma tributaria, que seg\u00fan lo que se ha conocido podr\u00eda rondar por el orden de los $50 billones.<\/p>\n<p><strong>Para los expertos esta cifra no es descabellada, como algunos opositores del nuevo mandatario han dicho; por el contrario, ser\u00eda en cierta medida esa reforma estructural que desde hace tiempo se busca, pero que ning\u00fan gobierno anterior se atrevi\u00f3 a adelantar.<\/strong><\/p>\n<p>\u201cSiempre se hab\u00eda escuchado en Colombia la necesidad de una reforma tributaria estructural. En este gobierno, con las ideas que hasta el momento se conocen y que se han publicado abiertamente, se podr\u00eda decir que esta reforma viene bien en esa l\u00ednea. Es una reforma que busca aplicar los principios constitucionales de eficiencia, equidad y progresividad; eso no ha estado en las otras reformas, y segundo, en cuanto a los temas que va a tocar, algunos son novedosos y otros gobiernos no los hab\u00edan tocado. Un tema como exenciones, por ejemplo, y beneficios\u201d, explic\u00f3 el docente universitario.<\/p>\n<p>De igual forma, se pide que la reforma sea socializada de manera correcta, ya que, a diferencia de la fallida reforma de Alberto Carrasquilla en 2021, esta no tocar\u00e1 a la clase baja y media baja, por lo que el dinero que se pretende recaudar viene de cambios m\u00e1s profundos y sectores de altos ingresos.<\/p>\n<p><strong>\u201cAntes no se hab\u00eda tocado el tema de la desigualdad, entonces uno puede decir que las l\u00edneas estructurales que tendr\u00e1 s\u00ed van en esa v\u00eda, que todo el pa\u00eds estaba esperando\u201d, manifest\u00f3 Coronel.<\/strong><\/p>\n<p>Por \u00faltimo a\u00f1ade que \u201cdigamos que una reforma no solucionar\u00e1 todos los problemas que tiene el pa\u00eds en materia fiscal; si bien tenemos un d\u00e9ficit, por un lado tenemos una deuda que est\u00e1 alta y est\u00e1 sobre el 60% del PIB, pero tambi\u00e9n una necesidad de financiar los programas sociales de este gobierno que llega y la necesidad de corregir la desigualdad. O sea, que ese conjunto de objetivos que se podr\u00edan plantear en la reforma, una sola no la podr\u00e1 solucionar, pero una muy buena reforma de entrada s\u00ed ayudar\u00e1 de manera sustantiva a poner en orden las finanzas. Ese es un primer paso\u201d, asever\u00f3.<\/p>\n<p><strong>Lo que llevar\u00eda la reforma<\/strong><\/p>\n<p><strong>Precisamente el presidente electo Gustavo Petro ha se\u00f1alado que esta reforma podr\u00eda ser de hasta $50 billones anuales y buscar\u00eda gravar las pensiones altas y volver a crear el impuesto al patrimonio para aquellos superiores a $1.000 millones.<\/strong><\/p>\n<p>As\u00ed mismo, deber\u00e1 enfrentar el d\u00e9ficit generado por el subsidio a los precios de los combustibles: 70% para el di\u00e9sel y 57% en el caso de la gasolina, de acuerdo con el informe de Ecopetrol de marzo. El gobierno saliente deja un cronograma de incrementos de precios paulatinos para evitar que la deuda con la petrolera siga aumentando.<\/p>\n<p><strong>El d\u00e9ficit fiscal, el de balanza comercial, la deuda externa y subsidios sociales ser\u00e1n tambi\u00e9n algunos retos centrales de la pol\u00edtica que deber\u00e1 afrontar.<\/strong><\/p>\n<p>A prop\u00f3sito, Petro nombr\u00f3 a Luis Carlos Reyes como el nuevo director de la Direcci\u00f3n de Impuestos y Aduanas Nacionales (DIAN), quien tendr\u00e1 la enorme responsabilidad de recolectar un recaudo tributario de $196,7 billones. Adem\u00e1s de eso, Reyes deber\u00e1 velar por la modernizaci\u00f3n de la entidad y hacer un exhaustivo balance que permita identificar las empresas y personas naturales que requieran hacer un mayor recaudo.<\/p>\n<p>Fuente y Fotograf\u00eda Elnuevosiglo.com<\/p>\n","protected":false},"excerpt":{"rendered":"<p>Con la posesi\u00f3n del nuevo Congreso empieza la\u00a0agenda legislativa, y con ella, a tomar forma uno de los periodos de m\u00e1s expectativa para las fuerzas pol\u00edticas y econ\u00f3micas del pa\u00eds. La serie de reformas que plantea el nuevo gobierno, as\u00ed como la profundidad y car\u00e1cter estructural de estas, adem\u00e1s de un Parlamento que se ha [&hellip;]<\/p>\n","protected":false},"author":1,"featured_media":0,"comment_status":"closed","ping_status":"closed","sticky":false,"template":"","format":"standard","meta":{"footnotes":""},"categories":[168,51,5476],"tags":[17153,782,2265,17154,2214,238,17025],"class_list":["post-42118","post","type-post","status-publish","format-standard","hentry","category-generales","category-nacional","category-politica","tag-agenda-legislativa","tag-economia","tag-nacional","tag-nuevo-congreso-de-la-republica","tag-posesion","tag-radio-noticias-casanare","tag-reformas"],"_links":{"self":[{"href":"https:\/\/radionoticiascasanare.com\/inicio\/wp-json\/wp\/v2\/posts\/42118","targetHints":{"allow":["GET"]}}],"collection":[{"href":"https:\/\/radionoticiascasanare.com\/inicio\/wp-json\/wp\/v2\/posts"}],"about":[{"href":"https:\/\/radionoticiascasanare.com\/inicio\/wp-json\/wp\/v2\/types\/post"}],"author":[{"embeddable":true,"href":"https:\/\/radionoticiascasanare.com\/inicio\/wp-json\/wp\/v2\/users\/1"}],"replies":[{"embeddable":true,"href":"https:\/\/radionoticiascasanare.com\/inicio\/wp-json\/wp\/v2\/comments?post=42118"}],"version-history":[{"count":0,"href":"https:\/\/radionoticiascasanare.com\/inicio\/wp-json\/wp\/v2\/posts\/42118\/revisions"}],"wp:attachment":[{"href":"https:\/\/radionoticiascasanare.com\/inicio\/wp-json\/wp\/v2\/media?parent=42118"}],"wp:term":[{"taxonomy":"category","embeddable":true,"href":"https:\/\/radionoticiascasanare.com\/inicio\/wp-json\/wp\/v2\/categories?post=42118"},{"taxonomy":"post_tag","embeddable":true,"href":"https:\/\/radionoticiascasanare.com\/inicio\/wp-json\/wp\/v2\/tags?post=42118"}],"curies":[{"name":"wp","href":"https:\/\/api.w.org\/{rel}","templated":true}]}}