{"id":42665,"date":"2022-08-22T07:17:57","date_gmt":"2022-08-22T12:17:57","guid":{"rendered":"https:\/\/radionoticiascasanare.com\/inicio\/?p=42665"},"modified":"2022-08-22T07:17:57","modified_gmt":"2022-08-22T12:17:57","slug":"alcaldia-continua-trabajando-en-la-dignificacion-y-mejora-de-la-calidad-de-vida-de-la-poblacion-con-discapacidad","status":"publish","type":"post","link":"https:\/\/radionoticiascasanare.com\/inicio\/alcaldia-continua-trabajando-en-la-dignificacion-y-mejora-de-la-calidad-de-vida-de-la-poblacion-con-discapacidad\/","title":{"rendered":"Alcald\u00eda contin\u00faa trabajando\u00a0en la dignificaci\u00f3n y mejora de la calidad de vida de la poblaci\u00f3n con discapacidad"},"content":{"rendered":"<p style=\"font-weight: 400;\"><img fetchpriority=\"high\" decoding=\"async\" class=\" wp-image-42675 alignleft\" src=\"https:\/\/radionoticiascasanare.com\/inicio\/wp-content\/uploads\/2022\/08\/Foto-2-0567-256x192.jpeg\" alt=\"\" width=\"264\" height=\"198\" \/>Son varias las acciones que ha adelantado la administraci\u00f3n municipal a trav\u00e9s de la Secretar\u00eda General para que las personas en condici\u00f3n de discapacidad puedan acceder con mayor facilidad a los diferentes servicios o tramites que presta la entidad. Desde la tecnolog\u00eda, tanto en las dependencias de atenci\u00f3n al ciudadano como en las oficinas del sisb\u00e9n se han instalado lectores de pantalla para que puedan conocer la informaci\u00f3n en tiempo real.<\/p>\n<p style=\"font-weight: 400;\">Por primera vez, la administraci\u00f3n municipal ha instalado se\u00f1alizaci\u00f3n informativa interna, con sistema braille, permitiendo acceso a las distintas dependencias; del mismo modo, se han adecuado ba\u00f1os para dicha poblaci\u00f3n.<\/p>\n<p style=\"font-weight: 400;\">De otra parte, se estructura el proyecto de accesibilidad al edificio, analiz\u00e1ndose la posibilidad de instalar el ascensor o la construcci\u00f3n de una rampa de acceso; de igual forma, se ha sensibilizado y capacitado a m\u00e1s de 100 servidores de la alcald\u00eda de Yopal\u00a0\u00a0 en temas de buen trato a la poblaci\u00f3n en condici\u00f3n de discapacidad; protocolos de atenci\u00f3n al ciudadano y lenguaje incluyente.<\/p>\n<p style=\"font-weight: 400;\">Por \u00faltimo, se ha dispuesto de documentos digitales accesibles tales como: comunicados de prensa, formatos internos, plantillas entre otros.<\/p>\n<p>Fuente y Fotograf\u00eda Alcald\u00eda de Yopal<\/p>\n","protected":false},"excerpt":{"rendered":"<p>Son varias las acciones que ha adelantado la administraci\u00f3n municipal a trav\u00e9s de la Secretar\u00eda General para que las personas en condici\u00f3n de discapacidad puedan acceder con mayor facilidad a los diferentes servicios o tramites que presta la entidad. Desde la tecnolog\u00eda, tanto en las dependencias de atenci\u00f3n al ciudadano como en las oficinas del [&hellip;]<\/p>\n","protected":false},"author":1,"featured_media":0,"comment_status":"closed","ping_status":"closed","sticky":false,"template":"","format":"standard","meta":{"footnotes":""},"categories":[2,66,8492,8493,132,9680],"tags":[237,3,6287,238,3820,17395,17396,16],"class_list":["post-42665","post","type-post","status-publish","format-standard","hentry","category-casanare","category-destacadas","category-noticias-casanare","category-noticias-de-casanare","category-orinoquia","category-region","tag-alcaldia-de-yopal","tag-casanare","tag-personas-con-discapacidad","tag-radio-noticias-casanare","tag-secretaria-general","tag-senalizacion-informativa-interna","tag-sistema-braille","tag-yopal"],"_links":{"self":[{"href":"https:\/\/radionoticiascasanare.com\/inicio\/wp-json\/wp\/v2\/posts\/42665","targetHints":{"allow":["GET"]}}],"collection":[{"href":"https:\/\/radionoticiascasanare.com\/inicio\/wp-json\/wp\/v2\/posts"}],"about":[{"href":"https:\/\/radionoticiascasanare.com\/inicio\/wp-json\/wp\/v2\/types\/post"}],"author":[{"embeddable":true,"href":"https:\/\/radionoticiascasanare.com\/inicio\/wp-json\/wp\/v2\/users\/1"}],"replies":[{"embeddable":true,"href":"https:\/\/radionoticiascasanare.com\/inicio\/wp-json\/wp\/v2\/comments?post=42665"}],"version-history":[{"count":0,"href":"https:\/\/radionoticiascasanare.com\/inicio\/wp-json\/wp\/v2\/posts\/42665\/revisions"}],"wp:attachment":[{"href":"https:\/\/radionoticiascasanare.com\/inicio\/wp-json\/wp\/v2\/media?parent=42665"}],"wp:term":[{"taxonomy":"category","embeddable":true,"href":"https:\/\/radionoticiascasanare.com\/inicio\/wp-json\/wp\/v2\/categories?post=42665"},{"taxonomy":"post_tag","embeddable":true,"href":"https:\/\/radionoticiascasanare.com\/inicio\/wp-json\/wp\/v2\/tags?post=42665"}],"curies":[{"name":"wp","href":"https:\/\/api.w.org\/{rel}","templated":true}]}}