{"id":42765,"date":"2022-08-26T07:36:49","date_gmt":"2022-08-26T12:36:49","guid":{"rendered":"https:\/\/radionoticiascasanare.com\/inicio\/?p=42765"},"modified":"2022-08-26T07:36:49","modified_gmt":"2022-08-26T12:36:49","slug":"bogota-inauguro-el-patio-de-buses-electricos-mas-grande-de-a-latina","status":"publish","type":"post","link":"https:\/\/radionoticiascasanare.com\/inicio\/bogota-inauguro-el-patio-de-buses-electricos-mas-grande-de-a-latina\/","title":{"rendered":"Bogot\u00e1 inaugur\u00f3 el patio de buses el\u00e9ctricos m\u00e1s grande de A. Latina"},"content":{"rendered":"<figure id=\"attachment_42767\" aria-describedby=\"caption-attachment-42767\" style=\"width: 311px\" class=\"wp-caption alignleft\"><img fetchpriority=\"high\" decoding=\"async\" class=\"size-medium wp-image-42767\" src=\"https:\/\/radionoticiascasanare.com\/inicio\/wp-content\/uploads\/2022\/08\/inauguracion-patiotaller-el-prado-en-usme-311x192.jpg\" alt=\"\" width=\"311\" height=\"192\" \/><figcaption id=\"caption-attachment-42767\" class=\"wp-caption-text\">Alcald\u00eda de Bogot\u00e1-elnuevosiglo.com<\/figcaption><\/figure>\n<p><strong>Como parte de la renovaci\u00f3n de flota, la Alcald\u00eda, Transmilenio, Enel Colombia y los concesionarios Mueve Usme y Usme ZE entregaron a la ciudad\u00a0un nuevo patio el\u00e9ctrico que se convierte en el m\u00e1s grande con estas caracter\u00edsticas en Am\u00e9rica Latina.\u00a0<\/strong><\/p>\n<p>Tambi\u00e9n\u00a0se entregaron 229 buses cero emisiones que beneficiar\u00e1n a 42.379 usuarios, principalmente de las localidades de Usme, Tunjuelito, Rafael Uribe Uribe, San Crist\u00f3bal, Kennedy y Barrios Unidos.<\/p>\n<p>La nueva flota el\u00e9ctrica est\u00e1 compuesta por 117 veh\u00edculos tipo buset\u00f3n con capacidad para 50 pasajeros y 112 tipo padr\u00f3n con capacidad para 80 pasajeros.\u00a0<strong>La entrada en operaci\u00f3n de estos buses y del octavo patio 100% el\u00e9ctrico de la ciudad, aportar\u00e1 a la\u00a0reducci\u00f3n de emisiones y reforzar\u00e1 la cobertura del Sistema Integrado de Transporte P\u00fablico.\u00a0<\/strong><\/p>\n<p>La renovaci\u00f3n de la flota permite la implementaci\u00f3n de nuevas rutas, mejorar las frecuencias y reducir los tiempos de espera para los usuarios del Sistema.\u00a0Los 229 buses 100% el\u00e9ctricos prestar\u00e1n su servicio a trav\u00e9s de ocho rutas; cuatro de ellas son servicios nuevos solicitados por la comunidad que permitir\u00e1n la conexi\u00f3n de los habitantes de Usme con diferentes puntos de la ciudad y las troncales del Sistema.<\/p>\n<p>\u201cGracias a Enel Colombia, a la empresa que administra este patio, a Transmilenio, a las dem\u00e1s marcas que han hecho esto posible, pero especialmente a la comunidad de Usme que nos ayud\u00f3 en este trabajo.\u00a0Nos llena de orgullo decir que en Usme, Colombia, est\u00e1 el patio el\u00e9ctrico m\u00e1s grande de Am\u00e9rica Latina\u201d, dijo la alcaldesa mayor de Bogot\u00e1, Claudia L\u00f3pez.<\/p>\n<p>&nbsp;<\/p>\n<p>A su turno, el gerente de Enel Colombia, Lucio Rubio, explic\u00f3 que la inversi\u00f3n en este proyecto supera los 800 mil millones de pesos: \u201cEstas acciones constituyen un aporte para que todos cumplamos las metas de acciones contra el cambio clim\u00e1tico. Este patio, el m\u00e1s grande de Am\u00e9rica Latina, se ha trabajado con la comunidad\u201d.<\/p>\n<p>Por su parte, el g<strong>erente de Transmilenio, \u00c1lvaro Rengifo, sostuvo: \u201cEste trabajo es lo que nos permite materializar el sue\u00f1o de la Alcald\u00eda de construir una nueva Bogot\u00e1.\u00a0Al terminar el a\u00f1o finalizaremos con 1.485 buses el\u00e9ctricos que traen beneficios en materia ambiental.<\/strong>\u00a0En salud, por ejemplo, estamos ahorrando casi 37 mil millones de pesos, que es lo que nos costar\u00edan las enfermedades\u201d.<\/p>\n<p>Estos veh\u00edculos cuentan con c\u00e1maras de seguridad, wifi, puertos USB, as\u00ed como plataformas accesibles para personas con discapacidad.<\/p>\n<p>Fuente y Fotograf\u00eda Elnuevosiglo.com<\/p>\n","protected":false},"excerpt":{"rendered":"<p>Como parte de la renovaci\u00f3n de flota, la Alcald\u00eda, Transmilenio, Enel Colombia y los concesionarios Mueve Usme y Usme ZE entregaron a la ciudad\u00a0un nuevo patio el\u00e9ctrico que se convierte en el m\u00e1s grande con estas caracter\u00edsticas en Am\u00e9rica Latina.\u00a0 Tambi\u00e9n\u00a0se entregaron 229 buses cero emisiones que beneficiar\u00e1n a 42.379 usuarios, principalmente de las localidades [&hellip;]<\/p>\n","protected":false},"author":1,"featured_media":0,"comment_status":"closed","ping_status":"closed","sticky":false,"template":"","format":"standard","meta":{"footnotes":""},"categories":[168,51],"tags":[13742,60,17456,4010,2265,17457,238,3535],"class_list":["post-42765","post","type-post","status-publish","format-standard","hentry","category-generales","category-nacional","tag-alcaldia-mayor-de-bogota","tag-bogota","tag-enel","tag-inauguracion","tag-nacional","tag-patio-de-buses-electricos","tag-radio-noticias-casanare","tag-transmilenio"],"_links":{"self":[{"href":"https:\/\/radionoticiascasanare.com\/inicio\/wp-json\/wp\/v2\/posts\/42765","targetHints":{"allow":["GET"]}}],"collection":[{"href":"https:\/\/radionoticiascasanare.com\/inicio\/wp-json\/wp\/v2\/posts"}],"about":[{"href":"https:\/\/radionoticiascasanare.com\/inicio\/wp-json\/wp\/v2\/types\/post"}],"author":[{"embeddable":true,"href":"https:\/\/radionoticiascasanare.com\/inicio\/wp-json\/wp\/v2\/users\/1"}],"replies":[{"embeddable":true,"href":"https:\/\/radionoticiascasanare.com\/inicio\/wp-json\/wp\/v2\/comments?post=42765"}],"version-history":[{"count":0,"href":"https:\/\/radionoticiascasanare.com\/inicio\/wp-json\/wp\/v2\/posts\/42765\/revisions"}],"wp:attachment":[{"href":"https:\/\/radionoticiascasanare.com\/inicio\/wp-json\/wp\/v2\/media?parent=42765"}],"wp:term":[{"taxonomy":"category","embeddable":true,"href":"https:\/\/radionoticiascasanare.com\/inicio\/wp-json\/wp\/v2\/categories?post=42765"},{"taxonomy":"post_tag","embeddable":true,"href":"https:\/\/radionoticiascasanare.com\/inicio\/wp-json\/wp\/v2\/tags?post=42765"}],"curies":[{"name":"wp","href":"https:\/\/api.w.org\/{rel}","templated":true}]}}