{"id":43122,"date":"2022-09-20T07:28:58","date_gmt":"2022-09-20T12:28:58","guid":{"rendered":"https:\/\/radionoticiascasanare.com\/inicio\/?p=43122"},"modified":"2022-09-20T07:28:58","modified_gmt":"2022-09-20T12:28:58","slug":"impacto-de-un-rayo-provoco-incendio-en-refineria-en-venezuela","status":"publish","type":"post","link":"https:\/\/radionoticiascasanare.com\/inicio\/impacto-de-un-rayo-provoco-incendio-en-refineria-en-venezuela\/","title":{"rendered":"Impacto de un rayo provoc\u00f3 incendio en refiner\u00eda en Venezuela"},"content":{"rendered":"<figure id=\"attachment_43124\" aria-describedby=\"caption-attachment-43124\" style=\"width: 311px\" class=\"wp-caption alignleft\"><img fetchpriority=\"high\" decoding=\"async\" class=\"size-medium wp-image-43124\" src=\"https:\/\/radionoticiascasanare.com\/inicio\/wp-content\/uploads\/2022\/09\/adsadas-311x192.jpg\" alt=\"\" width=\"311\" height=\"192\" \/><figcaption id=\"caption-attachment-43124\" class=\"wp-caption-text\">AFP-elnuevosiglo.com<\/figcaption><\/figure>\n<p><strong>Un gran incendio se produjo este lunes en una refiner\u00eda del este de Venezuela por el impacto de un rayo durante una tormenta el\u00e9ctrica, sin dejar v\u00edctimas, informaron las autoridades, que reportan que las llamas est\u00e1n bajo control.<\/strong><\/p>\n<p>&#8220;Un rayo impact\u00f3 una laguna de tratamiento de agua de la refiner\u00eda&#8221; de la ciudad costera de Puerto La Cruz (estado Anzo\u00e1tegui, este) y &#8220;producto de que esa laguna presenta residuos de hidrocarburos, se ha presentado un incendio&#8221;, dijo en la televisi\u00f3n estatal el ministro de Petr\u00f3leo, Tareck El Aissami.<\/p>\n<p>De acuerdo con el funcionario, aunque se trat\u00f3 de un &#8220;incendio de consideraci\u00f3n&#8221;, no dej\u00f3 v\u00edctimas y tampoco comprometi\u00f3 las instalaciones de la planta refinadora, cuyas \u00e1reas operacionales fueron desalojadas.<\/p>\n<p>Una enorme columna de humo se levantaba en el cielo, mientras habitantes de zonas residenciales adyacentes buscaban refugio, constat\u00f3 un periodista de la AFP.<\/p>\n<p>&nbsp;<\/p>\n<p>Ya 95% del incendio se encuentra controlado, public\u00f3 en Twitter el viceministro de Gesti\u00f3n de Riesgo y Protecci\u00f3n Civil, Carlos P\u00e9rez Ampueda.<\/p>\n<p><strong>El sistema de refinaci\u00f3n de Venezuela tiene capacidad para procesar 1,3 millones de barriles diarios de crudo y combustibles, aunque en los \u00faltimos a\u00f1os ha sido afectado por el desplome de la industria petrolera local.\u00a0<\/strong><\/p>\n<p>La refiner\u00eda de Puerto La Cruz, que\u00a0tiene potencial para procesar 190.000 barriles por d\u00eda, fue v\u00edctima el pasado s\u00e1bado de otro incendio producto de un derrame de combustible, que tambi\u00e9n fue controlado sin dejar v\u00edctimas.<\/p>\n<p><strong>La producci\u00f3n de crudo de Venezuela ronda los 700.000 barriles diarios, cuando era de 3,2 millones por d\u00eda en 2008.<\/strong><\/p>\n<p>Fuente y Fotograf\u00eda Elnuevosiglo.com<\/p>\n","protected":false},"excerpt":{"rendered":"<p>Un gran incendio se produjo este lunes en una refiner\u00eda del este de Venezuela por el impacto de un rayo durante una tormenta el\u00e9ctrica, sin dejar v\u00edctimas, informaron las autoridades, que reportan que las llamas est\u00e1n bajo control. &#8220;Un rayo impact\u00f3 una laguna de tratamiento de agua de la refiner\u00eda&#8221; de la ciudad costera de [&hellip;]<\/p>\n","protected":false},"author":1,"featured_media":0,"comment_status":"closed","ping_status":"closed","sticky":false,"template":"","format":"standard","meta":{"footnotes":""},"categories":[168,85],"tags":[17648,302,654,238,17649,17650,88],"class_list":["post-43122","post","type-post","status-publish","format-standard","hentry","category-generales","category-internacional","tag-impacto-de-rayo","tag-incendio","tag-internacional","tag-radio-noticias-casanare","tag-refineria","tag-tormenta-electrica","tag-venezuela"],"_links":{"self":[{"href":"https:\/\/radionoticiascasanare.com\/inicio\/wp-json\/wp\/v2\/posts\/43122","targetHints":{"allow":["GET"]}}],"collection":[{"href":"https:\/\/radionoticiascasanare.com\/inicio\/wp-json\/wp\/v2\/posts"}],"about":[{"href":"https:\/\/radionoticiascasanare.com\/inicio\/wp-json\/wp\/v2\/types\/post"}],"author":[{"embeddable":true,"href":"https:\/\/radionoticiascasanare.com\/inicio\/wp-json\/wp\/v2\/users\/1"}],"replies":[{"embeddable":true,"href":"https:\/\/radionoticiascasanare.com\/inicio\/wp-json\/wp\/v2\/comments?post=43122"}],"version-history":[{"count":0,"href":"https:\/\/radionoticiascasanare.com\/inicio\/wp-json\/wp\/v2\/posts\/43122\/revisions"}],"wp:attachment":[{"href":"https:\/\/radionoticiascasanare.com\/inicio\/wp-json\/wp\/v2\/media?parent=43122"}],"wp:term":[{"taxonomy":"category","embeddable":true,"href":"https:\/\/radionoticiascasanare.com\/inicio\/wp-json\/wp\/v2\/categories?post=43122"},{"taxonomy":"post_tag","embeddable":true,"href":"https:\/\/radionoticiascasanare.com\/inicio\/wp-json\/wp\/v2\/tags?post=43122"}],"curies":[{"name":"wp","href":"https:\/\/api.w.org\/{rel}","templated":true}]}}