{"id":43128,"date":"2022-09-21T06:34:30","date_gmt":"2022-09-21T11:34:30","guid":{"rendered":"https:\/\/radionoticiascasanare.com\/inicio\/?p=43128"},"modified":"2022-09-21T06:34:30","modified_gmt":"2022-09-21T11:34:30","slug":"este-miercoles-21-de-septiembre-se-llevara-a-cabo-en-yopal-el-dia-de-la-movilidad-limpia","status":"publish","type":"post","link":"https:\/\/radionoticiascasanare.com\/inicio\/este-miercoles-21-de-septiembre-se-llevara-a-cabo-en-yopal-el-dia-de-la-movilidad-limpia\/","title":{"rendered":"Este mi\u00e9rcoles 21 de septiembre se llevar\u00e1 a cabo en Yopal el D\u00eda de la Movilidad Limpia"},"content":{"rendered":"<div><img fetchpriority=\"high\" decoding=\"async\" class=\" wp-image-38073 alignleft\" src=\"https:\/\/radionoticiascasanare.com\/inicio\/wp-content\/uploads\/2021\/10\/carros-y-motos-3-320x187.jpg\" alt=\"\" width=\"325\" height=\"190\" \/>La Administraci\u00f3n Departamental extiende la invitaci\u00f3n a la comunidad a unirse a esta iniciativa del Instituto T\u00e9cnico Ambiental San Mateo y a las dem\u00e1s actividades programadas.<\/p>\n<p>En el marco de la XVI Semana Ambiental promovida por la instituci\u00f3n educativa en Yopal, se adelantar\u00e1 este mi\u00e9rcoles 21 de septiembre la actividad denominada D\u00eda de la Movilidad Limpia, en el que mediante la restricci\u00f3n de la circulaci\u00f3n de veh\u00edculos y motocicletas en el casco urbano se le da un respiro al medio ambiente.<\/p>\n<p>La actividad fue aprobada por la Alcald\u00eda de Yopal mediante decreto No 369 de 2022, en el horario de 7 a.m. a 5 p.m., horario en el que habr\u00e1n sanciones para quienes no acaten la restricci\u00f3n. La invitaci\u00f3n desde la Gobernaci\u00f3n es a unirse no por evitar una sanci\u00f3n, sino por contribuir a la finalidad con la que durante 16 a\u00f1os la instituci\u00f3n educativa ha promovido la Semana Ambiental.<\/p>\n<p>A los funcionarios de la Administraci\u00f3n Departamental se les invit\u00f3 al uso de medios de transporte alternativos y amigables con el medio ambiente, sum\u00e1ndose a contribuir con estos procesos. De igual manera hacemos las siguientes recomendaciones para evitar contratiempos:<\/p>\n<p>-&#xfe0f; Salir m\u00e1s temprano a los recorridos, el servicio de transporte p\u00fablico ser\u00e1 m\u00e1s utilizado de lo habitual.<br \/>\n-&#xfe0f; Usar medios de transporte alternativos como la bicicleta o simplemente caminar.<br \/>\n-&#xfe0f; Tenga en cuenta el teletrabajo como una alternativa.<br \/>\n-&#xfe0f; Recuerde que el incumplimiento a la restricci\u00f3n le acarrear\u00e1 una multa equivalente a 15 SMLDV e inmovilizaci\u00f3n del veh\u00edculo.<\/p><\/div>\n<div><\/div>\n<div>Fuente y Fotograf\u00eda Gobernaci\u00f3n de Casanare- archivo<\/div>\n","protected":false},"excerpt":{"rendered":"<p>La Administraci\u00f3n Departamental extiende la invitaci\u00f3n a la comunidad a unirse a esta iniciativa del Instituto T\u00e9cnico Ambiental San Mateo y a las dem\u00e1s actividades programadas. En el marco de la XVI Semana Ambiental promovida por la instituci\u00f3n educativa en Yopal, se adelantar\u00e1 este mi\u00e9rcoles 21 de septiembre la actividad denominada D\u00eda de la Movilidad [&hellip;]<\/p>\n","protected":false},"author":1,"featured_media":0,"comment_status":"closed","ping_status":"closed","sticky":false,"template":"","format":"standard","meta":{"footnotes":""},"categories":[2,66,8492,8493,132,9680],"tags":[3,15557,1030,17652,332,238,9908,16],"class_list":["post-43128","post","type-post","status-publish","format-standard","hentry","category-casanare","category-destacadas","category-noticias-casanare","category-noticias-de-casanare","category-orinoquia","category-region","tag-casanare","tag-dia-de-la-movilidad-limpia","tag-dia-sin-carro","tag-dia-sin-moto","tag-gobernacion-de-casanare","tag-radio-noticias-casanare","tag-semana-ambiental","tag-yopal"],"_links":{"self":[{"href":"https:\/\/radionoticiascasanare.com\/inicio\/wp-json\/wp\/v2\/posts\/43128","targetHints":{"allow":["GET"]}}],"collection":[{"href":"https:\/\/radionoticiascasanare.com\/inicio\/wp-json\/wp\/v2\/posts"}],"about":[{"href":"https:\/\/radionoticiascasanare.com\/inicio\/wp-json\/wp\/v2\/types\/post"}],"author":[{"embeddable":true,"href":"https:\/\/radionoticiascasanare.com\/inicio\/wp-json\/wp\/v2\/users\/1"}],"replies":[{"embeddable":true,"href":"https:\/\/radionoticiascasanare.com\/inicio\/wp-json\/wp\/v2\/comments?post=43128"}],"version-history":[{"count":0,"href":"https:\/\/radionoticiascasanare.com\/inicio\/wp-json\/wp\/v2\/posts\/43128\/revisions"}],"wp:attachment":[{"href":"https:\/\/radionoticiascasanare.com\/inicio\/wp-json\/wp\/v2\/media?parent=43128"}],"wp:term":[{"taxonomy":"category","embeddable":true,"href":"https:\/\/radionoticiascasanare.com\/inicio\/wp-json\/wp\/v2\/categories?post=43128"},{"taxonomy":"post_tag","embeddable":true,"href":"https:\/\/radionoticiascasanare.com\/inicio\/wp-json\/wp\/v2\/tags?post=43128"}],"curies":[{"name":"wp","href":"https:\/\/api.w.org\/{rel}","templated":true}]}}