{"id":43245,"date":"2022-09-28T07:10:25","date_gmt":"2022-09-28T12:10:25","guid":{"rendered":"https:\/\/radionoticiascasanare.com\/inicio\/?p=43245"},"modified":"2022-09-28T07:10:25","modified_gmt":"2022-09-28T12:10:25","slug":"hasta-este-30-de-septiembre-hay-plazo-para-postularse-al-consejo-territorial-de-planeacion","status":"publish","type":"post","link":"https:\/\/radionoticiascasanare.com\/inicio\/hasta-este-30-de-septiembre-hay-plazo-para-postularse-al-consejo-territorial-de-planeacion\/","title":{"rendered":"Hasta este 30 de septiembre hay plazo para postularse al Consejo Territorial de Planeaci\u00f3n"},"content":{"rendered":"<p style=\"font-weight: 400;\"><img fetchpriority=\"high\" decoding=\"async\" class=\"size-medium wp-image-43248 alignleft\" src=\"https:\/\/radionoticiascasanare.com\/inicio\/wp-content\/uploads\/2022\/09\/FOTO-COMUNICADO-0638-320x172.jpg\" alt=\"\" width=\"320\" height=\"172\" \/>Hasta el 30 de septiembre, a las 5:00 de la tarde, est\u00e1 abierta la convocatoria p\u00fablica para postular las ternas al Consejo Territorial de Planeaci\u00f3n (CTP, para la elecci\u00f3n de 11 delegados de los sectores: (2) econ\u00f3mico, (2) social, (1) educativo (primaria y secundaria), (1) cultural, (1) ecol\u00f3gico, (1) minor\u00edas \u00e9tnicas, (1) juventudes, (1) salud y (1) deportivo.<\/p>\n<p style=\"font-weight: 400;\">La elecci\u00f3n se har\u00e1 para ocupar los esca\u00f1os que se encuentran con vacancia absoluta del CTP Municipal, por el periodo restante, de acuerdo con cada caso en particular; para completar el total de los miembros de este \u00f3rgano colegiado de car\u00e1cter consultivo y asesor en materia de planeaci\u00f3n del desarrollo municipal.<\/p>\n<p style=\"font-weight: 400;\">El archivo en original de la convocatoria est\u00e1 dispuesto para ser consultado gratuitamente o reproducirlo, en medio f\u00edsico en la oficina de la Secretar\u00eda de Planeaci\u00f3n Municipal, ubicada en el edificio administrativo, ubicado en la Diagonal 15 No. 15-21, segundo piso, o por medio digital en el portal electr\u00f3nico\u00a0<a href=\"http:\/\/www.yopal-casanare.gov.co\/convocatorias\/aviso-de-convocatoria-publica-ctp\" data-saferedirecturl=\"https:\/\/www.google.com\/url?q=http:\/\/www.yopal-casanare.gov.co\/convocatorias\/aviso-de-convocatoria-publica-ctp&amp;source=gmail&amp;ust=1664452546609000&amp;usg=AOvVaw0gUkxNR37eIcsekE_QhJZ-\">http:\/\/www.yopal-casanare.gov.co\/convocatorias\/aviso-de-convocatoria-publica-ctp<\/a><\/p>\n<p style=\"font-weight: 400;\">La informaci\u00f3n y documentaci\u00f3n en medio f\u00edsico para las postulaciones debe radicarse en la\u00a0<strong>ventanilla \u00fanica<\/strong>, ubicada en el primer piso del edificio administrativo.<\/p>\n<p style=\"font-weight: 400;\">Fuente y Fotograf\u00eda Alcald\u00eda de Yopal<\/p>\n","protected":false},"excerpt":{"rendered":"<p>Hasta el 30 de septiembre, a las 5:00 de la tarde, est\u00e1 abierta la convocatoria p\u00fablica para postular las ternas al Consejo Territorial de Planeaci\u00f3n (CTP, para la elecci\u00f3n de 11 delegados de los sectores: (2) econ\u00f3mico, (2) social, (1) educativo (primaria y secundaria), (1) cultural, (1) ecol\u00f3gico, (1) minor\u00edas \u00e9tnicas, (1) juventudes, (1) salud [&hellip;]<\/p>\n","protected":false},"author":1,"featured_media":0,"comment_status":"closed","ping_status":"closed","sticky":false,"template":"","format":"standard","meta":{"footnotes":""},"categories":[2,66,8492,8493,132,9680],"tags":[237,3,823,12142,238,16],"class_list":["post-43245","post","type-post","status-publish","format-standard","hentry","category-casanare","category-destacadas","category-noticias-casanare","category-noticias-de-casanare","category-orinoquia","category-region","tag-alcaldia-de-yopal","tag-casanare","tag-consejo-territorial-de-planeacion","tag-postulacion","tag-radio-noticias-casanare","tag-yopal"],"_links":{"self":[{"href":"https:\/\/radionoticiascasanare.com\/inicio\/wp-json\/wp\/v2\/posts\/43245","targetHints":{"allow":["GET"]}}],"collection":[{"href":"https:\/\/radionoticiascasanare.com\/inicio\/wp-json\/wp\/v2\/posts"}],"about":[{"href":"https:\/\/radionoticiascasanare.com\/inicio\/wp-json\/wp\/v2\/types\/post"}],"author":[{"embeddable":true,"href":"https:\/\/radionoticiascasanare.com\/inicio\/wp-json\/wp\/v2\/users\/1"}],"replies":[{"embeddable":true,"href":"https:\/\/radionoticiascasanare.com\/inicio\/wp-json\/wp\/v2\/comments?post=43245"}],"version-history":[{"count":0,"href":"https:\/\/radionoticiascasanare.com\/inicio\/wp-json\/wp\/v2\/posts\/43245\/revisions"}],"wp:attachment":[{"href":"https:\/\/radionoticiascasanare.com\/inicio\/wp-json\/wp\/v2\/media?parent=43245"}],"wp:term":[{"taxonomy":"category","embeddable":true,"href":"https:\/\/radionoticiascasanare.com\/inicio\/wp-json\/wp\/v2\/categories?post=43245"},{"taxonomy":"post_tag","embeddable":true,"href":"https:\/\/radionoticiascasanare.com\/inicio\/wp-json\/wp\/v2\/tags?post=43245"}],"curies":[{"name":"wp","href":"https:\/\/api.w.org\/{rel}","templated":true}]}}