{"id":43664,"date":"2022-10-25T06:28:53","date_gmt":"2022-10-25T11:28:53","guid":{"rendered":"https:\/\/radionoticiascasanare.com\/inicio\/?p=43664"},"modified":"2022-10-25T06:28:53","modified_gmt":"2022-10-25T11:28:53","slug":"ya-esta-contratada-la-obra-de-redes-electricas-y-alumbrado-publico-en-villa-salome","status":"publish","type":"post","link":"https:\/\/radionoticiascasanare.com\/inicio\/ya-esta-contratada-la-obra-de-redes-electricas-y-alumbrado-publico-en-villa-salome\/","title":{"rendered":"Ya est\u00e1 contratada la obra de redes el\u00e9ctricas y alumbrado p\u00fablico en Villa Salom\u00e9\u00a0"},"content":{"rendered":"<p style=\"font-weight: 400;\"><img fetchpriority=\"high\" decoding=\"async\" class=\"size-medium wp-image-43667 alignleft\" src=\"https:\/\/radionoticiascasanare.com\/inicio\/wp-content\/uploads\/2022\/10\/FOTO-2-COMUNICADO-0666-320x180.jpg\" alt=\"\" width=\"320\" height=\"180\" \/>A trav\u00e9s de la gesti\u00f3n y trabajo en equipo de la Junta de Acci\u00f3n Comunal del barrio Villa Salom\u00e9, en cabeza del se\u00f1or Presidente Herm\u00f3filo Camargo y la Administraci\u00f3n Municipal por medio de la coordinaci\u00f3n del Gerente de la Empresa de Alumbrado P\u00fablico de Yopal SAYOP S.A.S E.S.P, Christian Mart\u00ednez, fue posible la contrataci\u00f3n del proyecto que llevar\u00e1 iluminaci\u00f3n a \u00e9ste sector; el pasado jueves 20 de octubre se llev\u00f3 a cabo la socializaci\u00f3n de inicio de obra de construcci\u00f3n de redes el\u00e9ctricas y alumbrado p\u00fablico del barrio.<\/p>\n<p style=\"font-weight: 400;\">Este proyecto beneficiar\u00e1 a m\u00e1s de 509 familias que se reflejan en un aproximado de 2.000 personas. Se instalar\u00e1 3 kil\u00f3metros de redes de baja y media tensi\u00f3n, 140 postes de ferroconcreto, transformadores trif\u00e1sicos y 113 luminarias LED.<\/p>\n<p style=\"font-weight: 400;\">&#8220;Hoy venimos con toda la administraci\u00f3n municipal, con un motivo de alegr\u00eda, para informar y felicitarlos, se hace realidad un sue\u00f1o luchado por m\u00e1s de 7 a\u00f1os, est\u00e1 socializaci\u00f3n es el \u00faltimo paso para dar inicio a las obras de electrificaci\u00f3n y alumbrado p\u00fablico de todas las v\u00edas de Villa Salom\u00e9&#8221;, coment\u00f3 el Gerente de SAYOP.<\/p>\n<p style=\"font-weight: 400;\">Por su parte, la comunidad expres\u00f3 su alegr\u00eda y agradecimiento hacia la administraci\u00f3n, porque los esfuerzos realizados para ver un sue\u00f1o hecho realidad dan sus frutos.<\/p>\n<p style=\"font-weight: 400;\">\u00a0\u00a1Aqu\u00ed est\u00e1n las obras de esta administraci\u00f3n!<\/p>\n<p>Fuente y Fotograf\u00eda Alcald\u00eda de Yopal<\/p>\n","protected":false},"excerpt":{"rendered":"<p>A trav\u00e9s de la gesti\u00f3n y trabajo en equipo de la Junta de Acci\u00f3n Comunal del barrio Villa Salom\u00e9, en cabeza del se\u00f1or Presidente Herm\u00f3filo Camargo y la Administraci\u00f3n Municipal por medio de la coordinaci\u00f3n del Gerente de la Empresa de Alumbrado P\u00fablico de Yopal SAYOP S.A.S E.S.P, Christian Mart\u00ednez, fue posible la contrataci\u00f3n del [&hellip;]<\/p>\n","protected":false},"author":1,"featured_media":0,"comment_status":"closed","ping_status":"closed","sticky":false,"template":"","format":"standard","meta":{"footnotes":""},"categories":[2,66,8492,8493,132,9680],"tags":[237,306,3,17955,238,7414,12431,17000,16],"class_list":["post-43664","post","type-post","status-publish","format-standard","hentry","category-casanare","category-destacadas","category-noticias-casanare","category-noticias-de-casanare","category-orinoquia","category-region","tag-alcaldia-de-yopal","tag-alumbrado-publico","tag-casanare","tag-empresa-de-alumbrado-publico-de-yopal","tag-radio-noticias-casanare","tag-redes-electricas","tag-sayop","tag-villa-salome","tag-yopal"],"_links":{"self":[{"href":"https:\/\/radionoticiascasanare.com\/inicio\/wp-json\/wp\/v2\/posts\/43664","targetHints":{"allow":["GET"]}}],"collection":[{"href":"https:\/\/radionoticiascasanare.com\/inicio\/wp-json\/wp\/v2\/posts"}],"about":[{"href":"https:\/\/radionoticiascasanare.com\/inicio\/wp-json\/wp\/v2\/types\/post"}],"author":[{"embeddable":true,"href":"https:\/\/radionoticiascasanare.com\/inicio\/wp-json\/wp\/v2\/users\/1"}],"replies":[{"embeddable":true,"href":"https:\/\/radionoticiascasanare.com\/inicio\/wp-json\/wp\/v2\/comments?post=43664"}],"version-history":[{"count":0,"href":"https:\/\/radionoticiascasanare.com\/inicio\/wp-json\/wp\/v2\/posts\/43664\/revisions"}],"wp:attachment":[{"href":"https:\/\/radionoticiascasanare.com\/inicio\/wp-json\/wp\/v2\/media?parent=43664"}],"wp:term":[{"taxonomy":"category","embeddable":true,"href":"https:\/\/radionoticiascasanare.com\/inicio\/wp-json\/wp\/v2\/categories?post=43664"},{"taxonomy":"post_tag","embeddable":true,"href":"https:\/\/radionoticiascasanare.com\/inicio\/wp-json\/wp\/v2\/tags?post=43664"}],"curies":[{"name":"wp","href":"https:\/\/api.w.org\/{rel}","templated":true}]}}