{"id":43863,"date":"2022-11-08T07:03:51","date_gmt":"2022-11-08T12:03:51","guid":{"rendered":"https:\/\/radionoticiascasanare.com\/inicio\/?p=43863"},"modified":"2022-11-08T07:03:51","modified_gmt":"2022-11-08T12:03:51","slug":"colombia-y-venezuela-reiniciaron-sus-operaciones-aereas","status":"publish","type":"post","link":"https:\/\/radionoticiascasanare.com\/inicio\/colombia-y-venezuela-reiniciaron-sus-operaciones-aereas\/","title":{"rendered":"Colombia y Venezuela reiniciaron sus operaciones a\u00e9reas"},"content":{"rendered":"<figure id=\"attachment_43864\" aria-describedby=\"caption-attachment-43864\" style=\"width: 311px\" class=\"wp-caption alignleft\"><img fetchpriority=\"high\" decoding=\"async\" class=\"size-medium wp-image-43864\" src=\"https:\/\/radionoticiascasanare.com\/inicio\/wp-content\/uploads\/2022\/11\/20211017_164721-1_0-311x192.jpeg\" alt=\"\" width=\"311\" height=\"192\" \/><figcaption id=\"caption-attachment-43864\" class=\"wp-caption-text\">elnuevosiglo.com<\/figcaption><\/figure>\n<p><strong>En horas de la tarde de este lunes, hizo su trayectoria el primer vuelo entre Venezuela y Colombia, desde que se restablecieron\u00a0las relaciones diplom\u00e1ticas de ambos pa\u00edses<\/strong>. Mientras no hubo di\u00e1logo entre los dos gobiernos, tambi\u00e9n estuvieron suspendidas las conexiones a\u00e9reas directas.<\/p>\n<p>El avi\u00f3n Boeing de la aerol\u00ednea venezolana privada Turpial despeg\u00f3 a las 17 horas locales desde el aeropuerto internacional de Maiquet\u00eda, que sirve a Caracas. El estand de esta compa\u00f1\u00eda estaba adornado con banderas de Venezuela y Colombia y globos de los colores amarillo, azul y rojo, que comparten los s\u00edmbolos patrios de ambas naciones.<\/p>\n<p>Turpial, una peque\u00f1a aerol\u00ednea fundada en 2016 con base en la ciudad de Valencia (centro-norte), opera en la actualidad, adem\u00e1s, vuelos internacionales hacia Panam\u00e1 y Santo Domingo.<\/p>\n<p><strong>Venezuela buscaba inicialmente retomar la conexi\u00f3n directa por intermedio de la estatal Conviasa, pero las sanciones financieras de Estados Unidos contra el pa\u00eds caribe\u00f1o cerraron la puerta a esa posibilidad.<\/strong><\/p>\n<p>&#8220;Vamos a empezar con dos frecuencias&#8221;, lunes y s\u00e1bados, dijo a la prensa Pedro Cestari, presidente de la compa\u00f1\u00eda, en Maiquet\u00eda. &#8220;Posteriormente vamos a ir incrementando de acuerdo a los &#8216;booking&#8217; (reservas), de acuerdo al n\u00famero de pasajeros&#8221;, a\u00f1adi\u00f3 el ejecutivo, tras lo cual mencion\u00f3 que tambi\u00e9n podr\u00edan incorporarse otros destinos.<\/p>\n<p><strong>La estatal colombiana Satena, por su parte, tiene previsto volar a Maiquet\u00eda el mi\u00e9rcoles, en su primer vuelo internacional. El 28 de noviembre abrir\u00e1, adem\u00e1s, una ruta Barranquilla-Caracas.<\/strong><\/p>\n<p>La reanudaci\u00f3n de vuelos se materializa despu\u00e9s del restablecimiento de relaciones bilaterales con la llegada de Gustavo Petro al poder en Colombia, luego de que se rompieran en 2019 tras el apoyo de la administraci\u00f3n del entonces presidente Iv\u00e1n Duque al l\u00edder opositor venezolano Juan Guaid\u00f3, desconociendo al presidente Nicol\u00e1s Maduro por cuestionamientos a su reelecci\u00f3n.<\/p>\n<p>La de Turpial es, adem\u00e1s, la primera ruta directa entre Caracas y Bogot\u00e1 que se realiza desde marzo del 2020, cuando Nicol\u00e1s Maduro orden\u00f3 suspender esa conexi\u00f3n por la pandemia de covid-19. La aerol\u00ednea colombiana Wingo mantuvo operaciones hasta ese momento.<\/p>\n<p>La reanudaci\u00f3n estaba programada para el 26 de septiembre, pero se retras\u00f3 por la situaci\u00f3n con Conviasa.<\/p>\n<p>Fuente y Fotograf\u00eda Elnuevosiglo.com<\/p>\n","protected":false},"excerpt":{"rendered":"<p>En horas de la tarde de este lunes, hizo su trayectoria el primer vuelo entre Venezuela y Colombia, desde que se restablecieron\u00a0las relaciones diplom\u00e1ticas de ambos pa\u00edses. Mientras no hubo di\u00e1logo entre los dos gobiernos, tambi\u00e9n estuvieron suspendidas las conexiones a\u00e9reas directas. El avi\u00f3n Boeing de la aerol\u00ednea venezolana privada Turpial despeg\u00f3 a las 17 [&hellip;]<\/p>\n","protected":false},"author":1,"featured_media":0,"comment_status":"closed","ping_status":"closed","sticky":false,"template":"","format":"standard","meta":{"footnotes":""},"categories":[2,66,168,85],"tags":[164,654,95,238,18055,18056,88],"class_list":["post-43863","post","type-post","status-publish","format-standard","hentry","category-casanare","category-destacadas","category-generales","category-internacional","tag-colombia","tag-internacional","tag-operaciones-aereas","tag-radio-noticias-casanare","tag-reinician","tag-relaciones-dplomaticas","tag-venezuela"],"_links":{"self":[{"href":"https:\/\/radionoticiascasanare.com\/inicio\/wp-json\/wp\/v2\/posts\/43863","targetHints":{"allow":["GET"]}}],"collection":[{"href":"https:\/\/radionoticiascasanare.com\/inicio\/wp-json\/wp\/v2\/posts"}],"about":[{"href":"https:\/\/radionoticiascasanare.com\/inicio\/wp-json\/wp\/v2\/types\/post"}],"author":[{"embeddable":true,"href":"https:\/\/radionoticiascasanare.com\/inicio\/wp-json\/wp\/v2\/users\/1"}],"replies":[{"embeddable":true,"href":"https:\/\/radionoticiascasanare.com\/inicio\/wp-json\/wp\/v2\/comments?post=43863"}],"version-history":[{"count":0,"href":"https:\/\/radionoticiascasanare.com\/inicio\/wp-json\/wp\/v2\/posts\/43863\/revisions"}],"wp:attachment":[{"href":"https:\/\/radionoticiascasanare.com\/inicio\/wp-json\/wp\/v2\/media?parent=43863"}],"wp:term":[{"taxonomy":"category","embeddable":true,"href":"https:\/\/radionoticiascasanare.com\/inicio\/wp-json\/wp\/v2\/categories?post=43863"},{"taxonomy":"post_tag","embeddable":true,"href":"https:\/\/radionoticiascasanare.com\/inicio\/wp-json\/wp\/v2\/tags?post=43863"}],"curies":[{"name":"wp","href":"https:\/\/api.w.org\/{rel}","templated":true}]}}