{"id":43980,"date":"2022-11-21T06:54:00","date_gmt":"2022-11-21T11:54:00","guid":{"rendered":"https:\/\/radionoticiascasanare.com\/inicio\/?p=43980"},"modified":"2022-11-21T06:54:00","modified_gmt":"2022-11-21T11:54:00","slug":"con-exito-se-realizo-el-tercer-encuentro-de-turismo-receptivo-de-anato-nacional-en-yopal","status":"publish","type":"post","link":"https:\/\/radionoticiascasanare.com\/inicio\/con-exito-se-realizo-el-tercer-encuentro-de-turismo-receptivo-de-anato-nacional-en-yopal\/","title":{"rendered":"Con \u00e9xito se realiz\u00f3 el tercer encuentro de turismo receptivo de Anato Nacional en Yopal"},"content":{"rendered":"<p><span style=\"font-weight: 400; font-size: 16px;\"><img fetchpriority=\"high\" decoding=\"async\" class=\" wp-image-43983 alignleft\" src=\"https:\/\/radionoticiascasanare.com\/inicio\/wp-content\/uploads\/2022\/11\/0710-FOTO-1-256x192.jpeg\" alt=\"\" width=\"277\" height=\"208\" \/>El 3er. Encuentro Nacional de Turismo Receptivo de Anato Nacional en Yopal fue un \u00e9xito rotundo, el evento realizado el 17 y 18 de noviembre en el Sal\u00f3n Quiripa del Centro de Convenciones y Negocios de la C\u00e1mara de Comercio de Casanare cont\u00f3 con la participaci\u00f3n de m\u00e1s de 180 representantes de agencias de viajes y turismo, operadoras, aerol\u00edneas, empresas de transporte, establecimientos de alojamiento y hospedaje.<\/span><\/p>\n<p style=\"font-weight: 400;\">El evento cont\u00f3 con la participaci\u00f3n y la presencia de: La Dra. Paula Cort\u00e9s Calle, presidente ejecutiva de ANATO; el Dr. Arturo Bravo, viceministro de Turismo de Colombia; Gilberto Salcedo, Vicepresidente de Turismo en ProColombia; los panelistas: Mar\u00eda Luisa Gal\u00e1n de Espa\u00f1a; Amelia Prado, Gerente General de Eco Hotel Vientos de Yubarta; Viviana Tomb\u00e9, Representante Legal de Tsatso Ya, Turismo y Artesan\u00edas; Kbala, Co-fundador de ColorTour Traveling; Miguel Obezo, Asesor de Emprendimientos en Turismo Comunitario en Palenque de San Basilio; Araceli Ramos de M\u00e9xico, Claudia Toselli de Argentina y Ra\u00fal Garc\u00eda de Espa\u00f1a.<\/p>\n<p style=\"font-weight: 400;\">Atendiendo al objetivo del Encuentro, los asistentes pudieron disfrutar de una jornada de capacitaci\u00f3n en la que se encontraban tem\u00e1ticas tales como:\u00a0\u00a0<em>Destinos tur\u00edsticos inteligentes para el turismo futuro en Colombia<\/em>;\u00a0<em>El turismo comunitario como alternativa de desarrollo en los destinos<\/em>\u00a0y\u00a0<em>Creaci\u00f3n de un producto tur\u00edstico y su trascendencia en el desarrollo econ\u00f3mico y social de una comunidad.<\/em><\/p>\n<p style=\"font-weight: 400;\">Con este encuentro acad\u00e9mico se fortalece el conocimiento y las alianzas relacionadas al sector del turismo receptivo en Colombia, por ello, el Instituto de Cultura y Turismo comprometido con compromiso por su ciudad y siendo fiel creyente de que los privados son eje fundamental del crecimiento tur\u00edstico, vincul\u00f3 a los operadores Relieves, Viajes de Leyenda, Conozcamos a Casanare, Cunaguaro Travel y Planes Yopal para que crearan relaciones estrat\u00e9gicas y acuerdos comerciales con la participaci\u00f3n en la rueda de negocios y las conferencias. Es as\u00ed como se siguen trayendo oportunidades de crecimiento para Yopal.<\/p>\n<h3><strong>\u00a1Se sorprendieron con el Coraz\u00f3n del Llano!<\/strong><\/h3>\n<p style=\"font-weight: 400;\">M\u00e1s de 40 asistentes del Encuentro de Turismo participaron de un Fam Trip organizado por el Instituto de Cultura y Turismo de Yopal, a trav\u00e9s del cual, los participantes en el paso por el Museo Centro Hist\u00f3rico del Oriente, el Parque Tem\u00e1tico Historias de Piedra y una clase de joropo, se familiarizaron con las l\u00edneas estrat\u00e9gicas con las que trabaja Yopal como destino tur\u00edstico.<\/p>\n<p style=\"font-weight: 400;\">La historia, la naturaleza y el joropo fueron los protagonistas del Fam Trip. Los asistentes a este, son visitantes que ahora hablan bien de Yopal en sus regiones y se llevan un grato recuerdo, es as\u00ed como Yopal se sigue posiciondo como destino tur\u00edstico y abriendo puertas para que m\u00e1s turistas se sigan sorprendiendo con el coraz\u00f3n del llano.<\/p>\n<p style=\"font-weight: 400;\"><b style=\"font-weight: 400;\">\u00a0Fuente y <\/b><b>Fotograf\u00eda<\/b><b style=\"font-weight: 400;\"> Alcald\u00eda de Yopal\u00a0<\/b><\/p>\n","protected":false},"excerpt":{"rendered":"<p>El 3er. Encuentro Nacional de Turismo Receptivo de Anato Nacional en Yopal fue un \u00e9xito rotundo, el evento realizado el 17 y 18 de noviembre en el Sal\u00f3n Quiripa del Centro de Convenciones y Negocios de la C\u00e1mara de Comercio de Casanare cont\u00f3 con la participaci\u00f3n de m\u00e1s de 180 representantes de agencias de viajes [&hellip;]<\/p>\n","protected":false},"author":1,"featured_media":0,"comment_status":"closed","ping_status":"closed","sticky":false,"template":"","format":"standard","meta":{"footnotes":""},"categories":[2,66,8492,8493,132,9680],"tags":[59,9826,3,2265,6998,238,18099,65,2694,16],"class_list":["post-43980","post","type-post","status-publish","format-standard","hentry","category-casanare","category-destacadas","category-noticias-casanare","category-noticias-de-casanare","category-orinoquia","category-region","tag-anato","tag-artesanias","tag-casanare","tag-nacional","tag-procolombia","tag-radio-noticias-casanare","tag-tercer-encuentro","tag-turismo","tag-viajes","tag-yopal"],"_links":{"self":[{"href":"https:\/\/radionoticiascasanare.com\/inicio\/wp-json\/wp\/v2\/posts\/43980","targetHints":{"allow":["GET"]}}],"collection":[{"href":"https:\/\/radionoticiascasanare.com\/inicio\/wp-json\/wp\/v2\/posts"}],"about":[{"href":"https:\/\/radionoticiascasanare.com\/inicio\/wp-json\/wp\/v2\/types\/post"}],"author":[{"embeddable":true,"href":"https:\/\/radionoticiascasanare.com\/inicio\/wp-json\/wp\/v2\/users\/1"}],"replies":[{"embeddable":true,"href":"https:\/\/radionoticiascasanare.com\/inicio\/wp-json\/wp\/v2\/comments?post=43980"}],"version-history":[{"count":0,"href":"https:\/\/radionoticiascasanare.com\/inicio\/wp-json\/wp\/v2\/posts\/43980\/revisions"}],"wp:attachment":[{"href":"https:\/\/radionoticiascasanare.com\/inicio\/wp-json\/wp\/v2\/media?parent=43980"}],"wp:term":[{"taxonomy":"category","embeddable":true,"href":"https:\/\/radionoticiascasanare.com\/inicio\/wp-json\/wp\/v2\/categories?post=43980"},{"taxonomy":"post_tag","embeddable":true,"href":"https:\/\/radionoticiascasanare.com\/inicio\/wp-json\/wp\/v2\/tags?post=43980"}],"curies":[{"name":"wp","href":"https:\/\/api.w.org\/{rel}","templated":true}]}}