{"id":44007,"date":"2022-11-22T07:01:58","date_gmt":"2022-11-22T12:01:58","guid":{"rendered":"https:\/\/radionoticiascasanare.com\/inicio\/?p=44007"},"modified":"2022-11-22T07:01:58","modified_gmt":"2022-11-22T12:01:58","slug":"secretaria-de-transito-entrega-balance-de-la-movilidad-durante-el-fin-de-semana","status":"publish","type":"post","link":"https:\/\/radionoticiascasanare.com\/inicio\/secretaria-de-transito-entrega-balance-de-la-movilidad-durante-el-fin-de-semana\/","title":{"rendered":"Secretar\u00eda de tr\u00e1nsito entrega balance de la movilidad durante el fin de semana"},"content":{"rendered":"<p><span lang=\"ES-CO\"><img fetchpriority=\"high\" decoding=\"async\" class=\" wp-image-44009 alignleft\" src=\"https:\/\/radionoticiascasanare.com\/inicio\/wp-content\/uploads\/2022\/11\/0714-FOTO-1-320x180.jpeg\" alt=\"\" width=\"332\" height=\"187\" \/>De acuerdo a las declaraciones del Subcomandante de Tr\u00e1nsito, Diego Garc\u00eda Peralta, as\u00ed se comport\u00f3 la movilidad en la ciudad de Yopal desde el d\u00eda 15 al 20 de noviembre:<\/span><\/p>\n<p><span lang=\"ES-CO\">\u00b7\u00a0\u00a0\u00a0\u00a0\u00a0\u00a0\u00a0\u00a0\u00a0<\/span><b><span lang=\"ES-CO\">14 siniestros viales reportados.<\/span><\/b><\/p>\n<p><span lang=\"ES-CO\">\u00b7\u00a0\u00a0\u00a0\u00a0\u00a0\u00a0\u00a0\u00a0\u00a0<\/span><b><span lang=\"ES-CO\">3 solo da\u00f1os.<\/span><\/b><\/p>\n<p><span lang=\"ES-CO\">\u00b7\u00a0\u00a0\u00a0\u00a0\u00a0\u00a0\u00a0\u00a0\u00a0<\/span><b><span lang=\"ES-CO\">11 siniestros con personas lesionadas.<\/span><\/b><\/p>\n<p><span lang=\"ES-CO\">\u00b7\u00a0\u00a0\u00a0\u00a0\u00a0\u00a0\u00a0\u00a0\u00a0<\/span><b><span lang=\"ES-CO\">12 personas lesionadas.<\/span><\/b><\/p>\n<p><span lang=\"ES-CO\">\u00b7\u00a0\u00a0\u00a0\u00a0\u00a0\u00a0\u00a0\u00a0\u00a0<\/span><b><span lang=\"ES-CO\">3 personas entregadas a la Fiscal\u00eda.<\/span><\/b><\/p>\n<p><span lang=\"ES-CO\">Como parte de la labor para construir cultura vial en Yopal a trav\u00e9s de los Agentes de Tr\u00e1nsito, este talento humano de la Secretar\u00eda de Movilidad realiza a diario diferentes puestos de control en toda la ciudad sorprendiendo a conductores infractores. Seg\u00fan el reporte, arroja los siguientes datos en el lapso de la anterior semana:<\/span><\/p>\n<p><span lang=\"ES-CO\">\u00b7\u00a0\u00a0\u00a0\u00a0\u00a0\u00a0\u00a0\u00a0\u00a0<\/span><b><span lang=\"ES-CO\">94 \u00f3rdenes de comparendo.<\/span><\/b><\/p>\n<p><span lang=\"ES-CO\">\u00b7\u00a0\u00a0\u00a0\u00a0\u00a0\u00a0\u00a0\u00a0\u00a0<\/span><b><span lang=\"ES-CO\">C02 (Mal parqueo): 24.<\/span><\/b><\/p>\n<p><span lang=\"ES-CO\">\u00b7\u00a0\u00a0\u00a0\u00a0\u00a0\u00a0\u00a0\u00a0\u00a0<\/span><b><span lang=\"ES-CO\">C35 (Revisi\u00f3n t\u00e9cnico- mec\u00e1nica): 24<\/span><\/b><\/p>\n<p><span lang=\"ES-CO\">\u00b7\u00a0\u00a0\u00a0\u00a0\u00a0\u00a0\u00a0\u00a0\u00a0<\/span><b><span lang=\"ES-CO\">D02 (SOAT vencido): 14.<\/span><\/b><\/p>\n<p><span lang=\"ES-CO\">Estas acciones correctivas son complementarias al trabajo de pedagog\u00eda vial que viene realizando el grupo de promotores y t\u00e9cnicos viales; educaci\u00f3n en normas de tr\u00e1nsito y los riesgos en la v\u00eda por el incumplimiento de las mismas. Acciones que se realizan en todas las comunas del casco urbano, zona rural y en las instituciones educativas, a su vez, en empresas y entidades que permiten este tipo de capacitaciones para sus funcionarios.<\/span><\/p>\n<p>Fuente y Fotograf\u00eda Alcald\u00eda de Yopal<\/p>\n","protected":false},"excerpt":{"rendered":"<p>De acuerdo a las declaraciones del Subcomandante de Tr\u00e1nsito, Diego Garc\u00eda Peralta, as\u00ed se comport\u00f3 la movilidad en la ciudad de Yopal desde el d\u00eda 15 al 20 de noviembre: \u00b7\u00a0\u00a0\u00a0\u00a0\u00a0\u00a0\u00a0\u00a0\u00a014 siniestros viales reportados. \u00b7\u00a0\u00a0\u00a0\u00a0\u00a0\u00a0\u00a0\u00a0\u00a03 solo da\u00f1os. \u00b7\u00a0\u00a0\u00a0\u00a0\u00a0\u00a0\u00a0\u00a0\u00a011 siniestros con personas lesionadas. \u00b7\u00a0\u00a0\u00a0\u00a0\u00a0\u00a0\u00a0\u00a0\u00a012 personas lesionadas. \u00b7\u00a0\u00a0\u00a0\u00a0\u00a0\u00a0\u00a0\u00a0\u00a03 personas entregadas a la Fiscal\u00eda. Como parte de la [&hellip;]<\/p>\n","protected":false},"author":1,"featured_media":0,"comment_status":"closed","ping_status":"closed","sticky":false,"template":"","format":"standard","meta":{"footnotes":""},"categories":[2,66,8492,8493,132,9680],"tags":[237,3,8059,4899,4277,831,238,15,18108,16],"class_list":["post-44007","post","type-post","status-publish","format-standard","hentry","category-casanare","category-destacadas","category-noticias-casanare","category-noticias-de-casanare","category-orinoquia","category-region","tag-alcaldia-de-yopal","tag-casanare","tag-danos","tag-fin-de-semana","tag-lesiones","tag-movilidad","tag-radio-noticias-casanare","tag-secretaria-de-transito","tag-siniestros","tag-yopal"],"_links":{"self":[{"href":"https:\/\/radionoticiascasanare.com\/inicio\/wp-json\/wp\/v2\/posts\/44007","targetHints":{"allow":["GET"]}}],"collection":[{"href":"https:\/\/radionoticiascasanare.com\/inicio\/wp-json\/wp\/v2\/posts"}],"about":[{"href":"https:\/\/radionoticiascasanare.com\/inicio\/wp-json\/wp\/v2\/types\/post"}],"author":[{"embeddable":true,"href":"https:\/\/radionoticiascasanare.com\/inicio\/wp-json\/wp\/v2\/users\/1"}],"replies":[{"embeddable":true,"href":"https:\/\/radionoticiascasanare.com\/inicio\/wp-json\/wp\/v2\/comments?post=44007"}],"version-history":[{"count":0,"href":"https:\/\/radionoticiascasanare.com\/inicio\/wp-json\/wp\/v2\/posts\/44007\/revisions"}],"wp:attachment":[{"href":"https:\/\/radionoticiascasanare.com\/inicio\/wp-json\/wp\/v2\/media?parent=44007"}],"wp:term":[{"taxonomy":"category","embeddable":true,"href":"https:\/\/radionoticiascasanare.com\/inicio\/wp-json\/wp\/v2\/categories?post=44007"},{"taxonomy":"post_tag","embeddable":true,"href":"https:\/\/radionoticiascasanare.com\/inicio\/wp-json\/wp\/v2\/tags?post=44007"}],"curies":[{"name":"wp","href":"https:\/\/api.w.org\/{rel}","templated":true}]}}