{"id":44143,"date":"2022-11-29T07:11:37","date_gmt":"2022-11-29T12:11:37","guid":{"rendered":"https:\/\/radionoticiascasanare.com\/inicio\/?p=44143"},"modified":"2022-11-29T07:11:37","modified_gmt":"2022-11-29T12:11:37","slug":"las-ocho-decisiones-politicas-claves-antes-de-culminar-2022","status":"publish","type":"post","link":"https:\/\/radionoticiascasanare.com\/inicio\/las-ocho-decisiones-politicas-claves-antes-de-culminar-2022\/","title":{"rendered":"Las ocho decisiones pol\u00edticas claves antes de culminar 2022"},"content":{"rendered":"<figure id=\"attachment_44145\" aria-describedby=\"caption-attachment-44145\" style=\"width: 311px\" class=\"wp-caption alignleft\"><img fetchpriority=\"high\" decoding=\"async\" class=\"size-medium wp-image-44145\" src=\"https:\/\/radionoticiascasanare.com\/inicio\/wp-content\/uploads\/2022\/11\/WhatsApp-Image-2022-11-23-at-1.04.30-PM-311x192.jpeg\" alt=\"\" width=\"311\" height=\"192\" \/><figcaption id=\"caption-attachment-44145\" class=\"wp-caption-text\">elnuevosiglo.com<\/figcaption><\/figure>\n<p>A dos d\u00edas de comenzar diciembre son varias las decisiones pol\u00edticas que debe tomar el Ejecutivo para culminar el 2022 de la mejor manera. As\u00ed, el futuro de temas econ\u00f3micos y pol\u00edticos depende de la posici\u00f3n que tome el Gobierno antes de que empiece el 2023.<\/p>\n<p><strong>1.- Aumento del salario m\u00ednimo<\/strong><\/p>\n<p><strong>Esta semana comienzan las negociaciones para el aumento del salario m\u00ednimo en 2023 entre trabajadores, empleadores y el Gobierno nacional.<\/strong><\/p>\n<p>Las centrales obreras aseguran que se deben tener en cuenta diferentes cifras para acordar la propuesta. \u201cSe deben tener presentes las cifras de inflaci\u00f3n y desempleo del mes de noviembre, las cuales consideramos muy importantes para poder establecer ese monto y esos temas se deben conocer el 6 de diciembre\u201d.<\/p>\n<p>Por su parte, la ministra de Trabajo, Gloria In\u00e9s Ram\u00edrez, ha dicho que luego de conocida la cifra de productividad que se tendr\u00e1 en cuenta para el salario m\u00ednimo \u201cempezaremos un debate y sobre el 5 y 6 de diciembre ya estaremos colocando los porcentajes sobre los cuales el pa\u00eds tendr\u00e1 conocimiento\u201d.<\/p>\n<p><strong>Igualmente, el presidente Petro ya hab\u00eda dado indicios sobre el incremento del salario m\u00ednimo: &#8220;De nada sirve crecer 10% o 15% si la canasta familiar crece m\u00e1<\/strong>s, lo que est\u00e1 es bajando el salario. Se trata de que crezca el nivel de vida de las personas, no que disminuya&#8221;, sostuvo el jefe de Estado.<\/p>\n<p><strong>2.- Sanci\u00f3n de la reforma tributaria<\/strong><\/p>\n<p>Luego de que la reforma tributaria termin\u00f3 su tr\u00e1mite en el Congreso y las plenarias de la C\u00e1mara y el Senado aprobaron el texto final del proyecto, ahora se espera la sanci\u00f3n presidencial, para que finalmente se convierta en ley. Para el ministro de Hacienda, Jos\u00e9 Antonio Ocampo, \u201ceste fue un gran avance en materia tributaria y para financiamiento del gasto p\u00fablico que tendr\u00e1 el gobierno\u201d. Por su parte, el ministro del Interior, Alfonso Prada, tambi\u00e9n es optimista: \u201cLa reforma tributaria nos va a permitir hacer la paz total, caminar hacia una justicia social, ambiental y econ\u00f3mica, adem\u00e1s es una reforma progresiva y justa, que invita a aportar a los que m\u00e1s tienen. Es un mensaje de gran apoyo y lo recibimos as\u00ed\u201d.<\/p>\n<p><strong>Sin embargo, los opositores como David Luna, de Cambio Radical, se\u00f1alaron que esta reforma tributaria \u201cno lucha contra la evasi\u00f3n y el contrabando, ni se compromete con la austeridad; adem\u00e1s, golpea la innovaci\u00f3n,<\/strong>\u00a0la tecnolog\u00eda, el emprendimiento\u201d. De esta manera, una vez Gustavo Petro sancione la reforma tributaria, la ley entrar\u00e1 en vigencia, en mayor medida, desde 2023.<\/p>\n<p><strong>3.- Tregua navide\u00f1a con el Eln<\/strong><\/p>\n<p>Tal como lo hab\u00eda dicho\u00a0<strong>EL NUEVO SIGLO<\/strong>,\u00a0una de las peticiones de la administraci\u00f3n Petro a la guerrilla del Eln, las disidencias y reincidencias de las Farc, as\u00ed como a los grupos y bandas criminales que han estado asom\u00e1ndose a la pol\u00edtica de \u201cpaz total\u201d, ser\u00e1 la de evaluar la posibilidad de que se establezca una especie de tregua navide\u00f1a este fin de 2022.<\/p>\n<p>Esta ser\u00eda algo as\u00ed como la \u201ccuota inicial\u201d o la primera \u201cmuestra real de voluntad de paz\u201d que se les pedir\u00eda a dichas facciones, lo que les dar\u00eda margen de acci\u00f3n para ser consideradas de manera formal dentro de los procesos que ser\u00e1n viabilizados al amparo de la reforma a la ley 418, que acaba de aprobarse en el Congreso. En a\u00f1os pasados este grupo guerrillero ha establecido medidas similares durante las negociaciones.<\/p>\n<p><strong>4.- La reforma pol\u00edtica<\/strong><\/p>\n<p>Aunque el proyecto ya pas\u00f3 por su tercer debate a\u00fan le queda un largo camino y, si quiere continuar en el proceso, debe avanzar al cuarto antes de que termine esta legislatura, es decir, el pr\u00f3ximo 16 de diciembre \u2013de lo contrario, la iniciativa se hundir\u00eda\u2013, y que a partir de marzo pr\u00f3ximo surta los cuatro debates restantes.<\/p>\n<p><strong>Por eso, seguramente en las semanas que quedan el proyecto ser\u00e1 aprobado gracias a las mayor\u00edas que tiene el Gobierno en el Congreso, a pesar de las cr\u00edticas que persisten en aspectos claves de la reforma<\/strong>, no solo de la oposici\u00f3n sino tambi\u00e9n de expertos como la Misi\u00f3n de Observaci\u00f3n Electoral (MOE).<\/p>\n<p>Uno de los art\u00edculos que m\u00e1s causan ampolla es el que establece que los funcionarios de elecci\u00f3n popular solo podr\u00e1n ser sancionados por fallos judiciales, ante lo cual la actual procuradora, Margarita Cabello, se\u00f1al\u00f3 que &#8220;no es posible pensar que solo un juez penal es el \u00fanico que puede sancionar a los funcionarios de elecci\u00f3n popular&#8221;.<\/p>\n<p>Tambi\u00e9n cuenta con otros puntos pol\u00e9micos, como el transfuguismo, que la financiaci\u00f3n de las campa\u00f1as ser\u00e1 100% estatal y\u00a0que suprime la incompatibilidad de un a\u00f1o a los congresistas para ser ministros o desempe\u00f1ar otros cargos p\u00fablicos.<\/p>\n<p><strong>5.- Congelar precios de productos para reducir inflaci\u00f3n<\/strong><\/p>\n<p>Durante las discusiones del salario m\u00ednimo la ministra de trabajo, Gloria In\u00e9s Ram\u00edrez, propuso un control de precios para que los trabajadores no tengan una p\u00e9rdida muy grande de su poder adquisitivo. Por eso sugiri\u00f3 como soluci\u00f3n de corto plazo congelar los precios de la canasta b\u00e1sica.<\/p>\n<p>Sin embargo, la aplicaci\u00f3n de esta medida no la ven tan conveniente ciertos analistas, quienes han asegurado que aunque est\u00e1 bien intencionada algunos estudios han demostrado que produce el efecto contrario. La doctora en Desarrollo Econ\u00f3mico Mar\u00eda del Pilar L\u00f3pez explic\u00f3 en su cuenta de Twitter que \u201cCongelar precios de canasta equivale a implementar control de precios. No hay evidencia (incluida en Colombia en 1930s) donde esta medida funcione para contener incrementos en precios. Todo lo contrario, genera escasez y escalona m\u00e1s la presi\u00f3n al alza de precios\u201d.<\/p>\n<p><strong>Habr\u00e1 que esperar si esta idea vuelve a rondar mientras se desarrollan las mesas de negociaci\u00f3n del salario m\u00ednimo.<\/strong><\/p>\n<p><strong>6.- Nuevo sistema de Ingreso Solidario<\/strong><\/p>\n<p>Este programa, que fue creado durante el gobierno Duque para disminuir la crisis que dej\u00f3 la pandemia del covid-19 en las familias m\u00e1s pobres del pa\u00eds, se encuentra en veremos para 2023.<\/p>\n<p>Seg\u00fan ha se\u00f1alado Cielo Rusinque, directora del Departamento de Prosperidad Social, Ingreso Solidario ir\u00eda hasta el 31 de diciembre de 2022. En adelante se crear\u00e1 un nuevo subsidio llamado \u201cHambre Cero\u201d, que privilegiar\u00e1 a 340 mil madres cabeza de hogar que no reciben ning\u00fan tipo de ingreso.<\/p>\n<p>Seg\u00fan Rusinque a estas madres se les va a garantizar un ingreso de 500 mil pesos.<\/p>\n<p><strong>7.- El debut del Gobierno en La Haya<\/strong><\/p>\n<p>La Corte Internacional de Justicia celebrar\u00e1 nuevas audiencias entre el 5 y el 9 de diciembre por el litigio relacionado con diferencias lim\u00edtrofes, en especial sobre la alegada plataforma de Nicaragua, m\u00e1s all\u00e1 de las 200 millas n\u00e1uticas desde su costa continental. Con gran expectativa se posesion\u00f3 el nuevo equipo nombrado por el Gobierno, conformado por Eduardo Valencia-Ospina, Carolina Olarte y Elizabeth Taylor, quienes reemplazar\u00e1n a Carlos Gustavo Arrieta y el expresidente de la Corte Constitucional Manuel Jos\u00e9 Cepeda.<\/p>\n<p><strong>De acuerdo con palabras de Carolina Olarte a EL NUEVO SIGLO, \u201ceste es un caso que representa una alta complejidad a nivel jur\u00eddico y cient\u00edfico-t\u00e9cnico. Sin embargo, tenemos una estrategia y unos argumentos de defensa muy s\u00f3lidos\u201d.<\/strong><\/p>\n<p>Habr\u00e1 que esperar c\u00f3mo le va al Gobierno con este nuevo equipo y si no se sigue perdiendo mar territorial con respecto a Nicaragua.<\/p>\n<p><strong>8.- Moci\u00f3n de censura<\/strong><\/p>\n<p>La primera ministra del gabinete Petro en ser llamada al Congreso para enfrentar una moci\u00f3n de censura es Irene V\u00e9lez, jefe de cartera de Minas. Sin embargo, caus\u00f3 gran pol\u00e9mica que se aplazara. En un principio estaba programada para el 23 de noviembre pero el presidente de la C\u00e1mara, David Racero, sostuvo que: \u201cEl debate que estaba programado se corre ocho d\u00edas, el 30 de noviembre y no se va a seguir corriendo, se hace el 30\u201d.<\/p>\n<p><strong>Algunos congresistas de oposici\u00f3n aseguraron que nunca fueron notificados de esta decisi\u00f3n y aseguraron que todo esto se hace para salvaguardar la posici\u00f3n de la ministra.<\/strong><\/p>\n<p>Habr\u00e1 que ver si se cumple esta semana la moci\u00f3n y si la ministra que m\u00e1s cr\u00edticas y debates ha recibido del gabinete Petro culmina este a\u00f1o en su cargo.<\/p>\n<p>Fuente y Fotograf\u00eda Elnuevosiglo.com<\/p>\n","protected":false},"excerpt":{"rendered":"<p>A dos d\u00edas de comenzar diciembre son varias las decisiones pol\u00edticas que debe tomar el Ejecutivo para culminar el 2022 de la mejor manera. As\u00ed, el futuro de temas econ\u00f3micos y pol\u00edticos depende de la posici\u00f3n que tome el Gobierno antes de que empiece el 2023. 1.- Aumento del salario m\u00ednimo Esta semana comienzan las [&hellip;]<\/p>\n","protected":false},"author":1,"featured_media":0,"comment_status":"closed","ping_status":"closed","sticky":false,"template":"","format":"standard","meta":{"footnotes":""},"categories":[168,51,5476],"tags":[18159,18160,148,18161,11555,1845,2265,2175,238,18162,5749,2900,18163],"class_list":["post-44143","post","type-post","status-publish","format-standard","hentry","category-generales","category-nacional","category-politica","tag-aumento-de-salario-minimo","tag-decisiones-politicas","tag-eln","tag-haya","tag-ingreso-solidario","tag-mocion-de-censura","tag-nacional","tag-precios","tag-radio-noticias-casanare","tag-reducir-inflacion","tag-reforma-politica","tag-reforma-tributaria","tag-tregua-navidena"],"_links":{"self":[{"href":"https:\/\/radionoticiascasanare.com\/inicio\/wp-json\/wp\/v2\/posts\/44143","targetHints":{"allow":["GET"]}}],"collection":[{"href":"https:\/\/radionoticiascasanare.com\/inicio\/wp-json\/wp\/v2\/posts"}],"about":[{"href":"https:\/\/radionoticiascasanare.com\/inicio\/wp-json\/wp\/v2\/types\/post"}],"author":[{"embeddable":true,"href":"https:\/\/radionoticiascasanare.com\/inicio\/wp-json\/wp\/v2\/users\/1"}],"replies":[{"embeddable":true,"href":"https:\/\/radionoticiascasanare.com\/inicio\/wp-json\/wp\/v2\/comments?post=44143"}],"version-history":[{"count":0,"href":"https:\/\/radionoticiascasanare.com\/inicio\/wp-json\/wp\/v2\/posts\/44143\/revisions"}],"wp:attachment":[{"href":"https:\/\/radionoticiascasanare.com\/inicio\/wp-json\/wp\/v2\/media?parent=44143"}],"wp:term":[{"taxonomy":"category","embeddable":true,"href":"https:\/\/radionoticiascasanare.com\/inicio\/wp-json\/wp\/v2\/categories?post=44143"},{"taxonomy":"post_tag","embeddable":true,"href":"https:\/\/radionoticiascasanare.com\/inicio\/wp-json\/wp\/v2\/tags?post=44143"}],"curies":[{"name":"wp","href":"https:\/\/api.w.org\/{rel}","templated":true}]}}