{"id":44724,"date":"2023-01-23T07:23:45","date_gmt":"2023-01-23T12:23:45","guid":{"rendered":"https:\/\/radionoticiascasanare.com\/inicio\/?p=44724"},"modified":"2023-01-23T07:23:45","modified_gmt":"2023-01-23T12:23:45","slug":"casanare-sera-sede-de-la-feria-de-exposicion-bovina-avalada-por-asocebu","status":"publish","type":"post","link":"https:\/\/radionoticiascasanare.com\/inicio\/casanare-sera-sede-de-la-feria-de-exposicion-bovina-avalada-por-asocebu\/","title":{"rendered":"Casanare ser\u00e1 sede de la feria de exposici\u00f3n bovina avalada por Asoceb\u00fa"},"content":{"rendered":"\n<p class=\"wp-block-paragraph\">El anuncio lo realiz\u00f3 el Gobernador Salom\u00f3n Sanabria en compa\u00f1\u00eda de su equipo de gobierno y Daniel Engativ\u00e1, afiliado de Asoceb\u00fa Colombia, quien estar\u00e1 a cargo de la organizaci\u00f3n.<\/p>\n\n\n\n<p class=\"wp-block-paragraph\">La gesti\u00f3n fue realizada por la Administraci\u00f3n Departamental con apoyo de empresarios del sector ganadero, una vez se dio a conocer la noticia que no se realizar\u00eda en la ciudad de Villavicencio la tradicional feria Expomalocas, elevando la solicitud ante la Asociaci\u00f3n Colombiana de Criadores de Ganado Ceb\u00fa (ASOCEBU), quien dio el visto bueno.<\/p>\n\n\n\n<p class=\"wp-block-paragraph\">Desde las instalaciones del frigor\u00edfico Frontino en Yopal, sede de la feria regional, se hizo el anuncio de este importante evento que por primera vez se realizar\u00e1 en el departamento; Expollanos Casanare 2023 se llevar\u00e1 a cabo del 23 al 26 de febrero y reunir\u00e1 a cientos de expositores y visitantes de todo el pa\u00eds, aportando a la dinamizaci\u00f3n de la econom\u00eda.<\/p>\n\n\n\n<p class=\"wp-block-paragraph\">&#8220;Ac\u00e1 vamos a tener una feria de las razas cebuinas que son, Gyr, Nellore, Brahman Gris, Brahman Rojo, con juzgamiento de estas razas, juzgamiento de las razas Simmental, Angus y vamos a tener dos grandes remates; un remate de ganado de potrero el viernes 24, un remate de ganado de cabezal el s\u00e1bado 25 y el mismo s\u00e1bado vamos a tener competencia de team penning, donde se esperan al menos 60 equipos&#8221;, enfatiz\u00f3 el empresario Daniel Engativa.<\/p>\n\n\n\n<p class=\"wp-block-paragraph\">&#8220;Vamos a tener muestra comercial durante estos tres d\u00edas y vamos a tener en la noche diferentes artistas, la entrada es totalmente gratuita, va a ser en el kil\u00f3metro 18 vereda La Niata, en las instalaciones del que va a ser el Frigor\u00edfico Frontino (&#8230;) en este momento van m\u00e1s de 200 animales inscritos, esperamos llegar a 650 animales para poder tener unas competencias dignas de lo que se est\u00e1 realizando en este evento&#8221; recalc\u00f3.<\/p>\n\n\n\n<p class=\"wp-block-paragraph\">A su turno, el Gobernador Salom\u00f3n Sanabria destac\u00f3 que, &#8220;es un evento programado por Asoceb\u00fa pero que es apoyado por la Gobernaci\u00f3n de Casanare, para eso vamos a destinar todo el apoyo log\u00edstico pertinente y nuevamente agradecemos a Serpet, don Reynaldo Parra que facilita las instalaciones, arranca de hoy en adelante la adecuaci\u00f3n de este escenario para poder mostrar la mejor cara no solo a nivel departamental sino a nivel nacional&#8221;.<\/p>\n\n\n\n<p class=\"wp-block-paragraph\">Este encuentro estar\u00e1 liderado por la Asociaci\u00f3n Colombiana de Criadores de Ganado Ceb\u00fa (ASOCEBU), que tendr\u00e1 inscripciones abiertas hasta el pr\u00f3ximo 23 de enero, quienes est\u00e9n interesados en participar deber\u00e1n inscribirse directamente en la p\u00e1gina de la Asociaci\u00f3n.<\/p>\n\n\n\n<p class=\"wp-block-paragraph\">Fuente y Fotograf\u00eda Gobernaci\u00f3n de Casanare <\/p>\n","protected":false},"excerpt":{"rendered":"<p>El anuncio lo realiz\u00f3 el Gobernador Salom\u00f3n Sanabria en compa\u00f1\u00eda de su equipo de gobierno y Daniel Engativ\u00e1, afiliado de Asoceb\u00fa Colombia, quien estar\u00e1 a cargo de la organizaci\u00f3n. La gesti\u00f3n fue realizada por la Administraci\u00f3n Departamental con apoyo de empresarios del sector ganadero, una vez se dio a conocer la noticia que no se [&hellip;]<\/p>\n","protected":false},"author":1,"featured_media":0,"comment_status":"closed","ping_status":"closed","sticky":false,"template":"","format":"standard","meta":{"footnotes":""},"categories":[2,66,8492,8493,132,9680],"tags":[18423,18424,3,18425,564,332,238,5915],"class_list":["post-44724","post","type-post","status-publish","format-standard","hentry","category-casanare","category-destacadas","category-noticias-casanare","category-noticias-de-casanare","category-orinoquia","category-region","tag-asocebu","tag-asociacion-colombiana-de-criadores-de-ganado-cebu","tag-casanare","tag-feria-de-exposicion-bovina","tag-ganaderia","tag-gobernacion-de-casanare","tag-radio-noticias-casanare","tag-sede"],"_links":{"self":[{"href":"https:\/\/radionoticiascasanare.com\/inicio\/wp-json\/wp\/v2\/posts\/44724","targetHints":{"allow":["GET"]}}],"collection":[{"href":"https:\/\/radionoticiascasanare.com\/inicio\/wp-json\/wp\/v2\/posts"}],"about":[{"href":"https:\/\/radionoticiascasanare.com\/inicio\/wp-json\/wp\/v2\/types\/post"}],"author":[{"embeddable":true,"href":"https:\/\/radionoticiascasanare.com\/inicio\/wp-json\/wp\/v2\/users\/1"}],"replies":[{"embeddable":true,"href":"https:\/\/radionoticiascasanare.com\/inicio\/wp-json\/wp\/v2\/comments?post=44724"}],"version-history":[{"count":0,"href":"https:\/\/radionoticiascasanare.com\/inicio\/wp-json\/wp\/v2\/posts\/44724\/revisions"}],"wp:attachment":[{"href":"https:\/\/radionoticiascasanare.com\/inicio\/wp-json\/wp\/v2\/media?parent=44724"}],"wp:term":[{"taxonomy":"category","embeddable":true,"href":"https:\/\/radionoticiascasanare.com\/inicio\/wp-json\/wp\/v2\/categories?post=44724"},{"taxonomy":"post_tag","embeddable":true,"href":"https:\/\/radionoticiascasanare.com\/inicio\/wp-json\/wp\/v2\/tags?post=44724"}],"curies":[{"name":"wp","href":"https:\/\/api.w.org\/{rel}","templated":true}]}}