{"id":44773,"date":"2023-01-25T07:07:57","date_gmt":"2023-01-25T12:07:57","guid":{"rendered":"https:\/\/radionoticiascasanare.com\/inicio\/?p=44773"},"modified":"2023-01-25T07:07:57","modified_gmt":"2023-01-25T12:07:57","slug":"sin-pedrozo-colombia-se-juega-la-vida-en-el-sub-20-ante-brasil","status":"publish","type":"post","link":"https:\/\/radionoticiascasanare.com\/inicio\/sin-pedrozo-colombia-se-juega-la-vida-en-el-sub-20-ante-brasil\/","title":{"rendered":"Sin Pedrozo, Colombia se juega la vida en el Sub-20 ante Brasil"},"content":{"rendered":"\n<p><strong>La Selecci\u00f3n Colombia Sub-20 se mide ante noche en el estadio Pascual Guerrero de Cali ante Brasil, que ha conseguido ganar sus dos primeros partidos, sumando seis puntos y ya pr\u00e1cticamente clasificado a la fase final del torneo.&nbsp;<\/strong><\/p>\n\n\n\n<p>El combinado local est\u00e1 obligado a puntuar, ya que de seis puntos posibles el conjunto dirigido por H\u00e9ctor C\u00e1rdenas ha obtenido solo cuatro, tras el empate inicial frente a Paraguay y la victoria contra Per\u00fa.&nbsp;<\/p>\n\n\n\n<p>Perder ante los cariocas es peligroso ya que la clasificaci\u00f3n a la siguiente fase, que se jugar\u00e1 en Bogot\u00e1, se complicar\u00eda, al punto que el combinado tricolor entrar\u00eda a depender de otros resultados en la \u00faltima y definitiva fecha.<\/p>\n\n\n\n<p><strong>Paraguay, como se sabe, ya tiene cupo para la fase final pues suma siete puntos. Asimismo, aunque Argentina, que dirige Javier Mascherano, ha perdido sus primeros dos encuentros (con Paraguay y Brasil), si gana esta noche contra Per\u00fa y luego contra Colombia alcanzar\u00eda a sumar seis unidades.<\/strong><\/p>\n\n\n\n<p>El combinado brasile\u00f1o es el equipo que m\u00e1s goles ha marcado en lo que va del campeonato. Suma seis tantos y solo ha recibido una anotaci\u00f3n en contra. De all\u00ed que desde ya muchos analistas lo postulen como principal candidato a llevarse el t\u00edtulo. Es un conjunto s\u00f3lido, con jugadores con experiencia en la liga profesional de su pa\u00eds y otras naciones. Tambi\u00e9n est\u00e1n muy bien armado, como lo demostr\u00f3 ante Per\u00fa y los argentinos. De hecho, el entrenador del conjunto albiceleste acept\u00f3 en rueda de prensa que fueron \u201campliamente superados\u201d en el cl\u00e1sico suramericano que perdieron 3-1 el lunes.<\/p>\n\n\n\n<hr class=\"wp-block-separator has-alpha-channel-opacity\"\/>\n\n\n\n<p><strong>Le puede interesar:&nbsp;<\/strong><a href=\"https:\/\/www.elnuevosiglo.com.co\/articulos\/01-24-2023-jorge-rengifo-dejo-millonarios-jugara-en-aguilas-doradas\">Jorge Rengifo dej\u00f3 a Millonarios: jugar\u00e1 en \u00c1guilas Doradas<\/a><\/p>\n\n\n\n<hr class=\"wp-block-separator has-alpha-channel-opacity\"\/>\n\n\n\n<p><strong>Ahora bien, de no sumar puntos esta noche, el seleccionado colombiano tendr\u00eda que depender de resultados como el de Argentina contra Per\u00fa (que no ha sumado uno solo). Si esta noche gana la albiceleste, el conjunto de C\u00e1rdenas tendr\u00eda que definir su tiquete en su enfrentamiento directo con los gauchos. Ahora, si se imponen los incas a los de Mascherano, estos \u00faltimos quedar\u00edan eliminados.<\/strong><\/p>\n\n\n\n<p>Como se sabe, de cada grupo clasifican tres, que avanzan a la fase final que se jugar\u00e1 en El Camp\u00edn de Bogot\u00e1.<\/p>\n\n\n\n<p>C\u00e1rdenas indic\u00f3 que espera un partido duro contra los brasile\u00f1os. Afirm\u00f3 que lleva m\u00e1s \u201cocho meses estudiando\u201d a los cariocas y tiene ya proyectado c\u00f3mo neutralizar los aspectos t\u00e9cnicos y f\u00edsicos que tiene ese equipo.&nbsp;<\/p>\n\n\n\n<p>Colombia llega con una baja sensible para disputar el partido frente al conjunto de la \u2018verde amarela\u2019. Se trata de Daniel Pedrozo, defensa central, que se pierde el encuentro por acumulaci\u00f3n de amarillas. Ven\u00eda haciendo un buen torneo y no ser\u00e1 f\u00e1cil reemplazarlo ya que se requiere mucha velocidad y capacidad de anticipo para neutralizar a los h\u00e1biles delanteros brasile\u00f1os.<\/p>\n\n\n\n<p>Fernando \u00c1lvarez y Juli\u00e1n Palacio ser\u00edan las opciones para reemplazar a Pedrozo.&nbsp;<\/p>\n\n\n\n<p><strong>El seleccionado de Brasil, de no sumar puntos frente al conjunto tricolor, seguir\u00e1 dependiendo de s\u00ed mismo. De hecho, con seis puntos ya est\u00e1 clasificado. Si gana su \u00faltimo encuentro, frente a Paraguay, llegar\u00eda a nueve unidades.&nbsp;<\/strong><\/p>\n\n\n\n<p>De los seis seleccionados que clasifiquen a Bogot\u00e1, los primeros cuatro asegurar\u00e1n tiquete para el mundial de la categor\u00eda, a realizarse en mayo en Indonesia.<\/p>\n\n\n\n<p>Fuente y Fotograf\u00eda Elnuevosiglo.com <\/p>\n","protected":false},"excerpt":{"rendered":"<p>La Selecci\u00f3n Colombia Sub-20 se mide ante noche en el estadio Pascual Guerrero de Cali ante Brasil, que ha conseguido ganar sus dos primeros partidos, sumando seis puntos y ya pr\u00e1cticamente clasificado a la fase final del torneo.&nbsp; El combinado local est\u00e1 obligado a puntuar, ya que de seis puntos posibles el conjunto dirigido por [&hellip;]<\/p>\n","protected":false},"author":1,"featured_media":0,"comment_status":"closed","ping_status":"closed","sticky":false,"template":"","format":"standard","meta":{"footnotes":""},"categories":[56,168,51],"tags":[448,348,153,238,181,18453],"class_list":["post-44773","post","type-post","status-publish","format-standard","hentry","category-deportes","category-generales","category-nacional","tag-brasil","tag-deportes","tag-futbol","tag-radio-noticias-casanare","tag-seleccion-colombia","tag-sub-20"],"_links":{"self":[{"href":"https:\/\/radionoticiascasanare.com\/inicio\/wp-json\/wp\/v2\/posts\/44773","targetHints":{"allow":["GET"]}}],"collection":[{"href":"https:\/\/radionoticiascasanare.com\/inicio\/wp-json\/wp\/v2\/posts"}],"about":[{"href":"https:\/\/radionoticiascasanare.com\/inicio\/wp-json\/wp\/v2\/types\/post"}],"author":[{"embeddable":true,"href":"https:\/\/radionoticiascasanare.com\/inicio\/wp-json\/wp\/v2\/users\/1"}],"replies":[{"embeddable":true,"href":"https:\/\/radionoticiascasanare.com\/inicio\/wp-json\/wp\/v2\/comments?post=44773"}],"version-history":[{"count":0,"href":"https:\/\/radionoticiascasanare.com\/inicio\/wp-json\/wp\/v2\/posts\/44773\/revisions"}],"wp:attachment":[{"href":"https:\/\/radionoticiascasanare.com\/inicio\/wp-json\/wp\/v2\/media?parent=44773"}],"wp:term":[{"taxonomy":"category","embeddable":true,"href":"https:\/\/radionoticiascasanare.com\/inicio\/wp-json\/wp\/v2\/categories?post=44773"},{"taxonomy":"post_tag","embeddable":true,"href":"https:\/\/radionoticiascasanare.com\/inicio\/wp-json\/wp\/v2\/tags?post=44773"}],"curies":[{"name":"wp","href":"https:\/\/api.w.org\/{rel}","templated":true}]}}