{"id":44803,"date":"2023-01-26T07:37:06","date_gmt":"2023-01-26T12:37:06","guid":{"rendered":"https:\/\/radionoticiascasanare.com\/inicio\/?p=44803"},"modified":"2023-01-26T07:37:06","modified_gmt":"2023-01-26T12:37:06","slug":"volo-el-misil-fernando-gaviria-gano-etapa-4-de-vuelta-a-san-juan","status":"publish","type":"post","link":"https:\/\/radionoticiascasanare.com\/inicio\/volo-el-misil-fernando-gaviria-gano-etapa-4-de-vuelta-a-san-juan\/","title":{"rendered":"Vol\u00f3 el &#8216;misil&#8217;: Fernando Gaviria gan\u00f3 etapa 4 de Vuelta a San Juan"},"content":{"rendered":"\n<p><strong>El colombiano Fernando Gaviria (Team Movistar) se impuso este mi\u00e9rcoles en la cuarta etapa de la Vuelta a San Juan, con un tiempo de 4 horas, 35 minutos y 37 segundos, y se convirti\u00f3 en l\u00edder de la clasificaci\u00f3n general.<\/strong><\/p>\n\n\n\n<p>Gaviria&nbsp;<strong>gan\u00f3 en el sprint de los \u00faltimos 500 metros<\/strong>&nbsp;para quedarse con la victoria en este recorrido de 196,5 kil\u00f3metros&nbsp;<strong>entre el aut\u00f3dromo de San Juan Villicum y Plaza Barreal<\/strong>, con varias metas de monta\u00f1a.<\/p>\n\n\n\n<p>La prueba tuvo una fuga con unos 50 corredores que tomaron distancia del resto del pelot\u00f3n, con el team Movistar a la cabeza durante varios kil\u00f3metros, y en la definici\u00f3n Gaviria domin\u00f3 con autoridad para celebrar la 50\u00aa victoria de su carrera, por delante del eslovaco&nbsp;<strong>Peter Sagan y Filipo Ganna<\/strong>.<\/p>\n\n\n\n<p><strong>El jueves ser\u00e1 d\u00eda de descanso para los corredores, y la acci\u00f3n se reanudar\u00e1 con la quinta etapa<\/strong>, que se realizar\u00e1 el viernes por la tarde, entre Plaza de Chimbas y Alto del Colorado, con un tramo de 173,7 km.<\/p>\n\n\n\n<p>Fuente y Fotograf\u00eda Elnuevosiglo.com<\/p>\n","protected":false},"excerpt":{"rendered":"<p>El colombiano Fernando Gaviria (Team Movistar) se impuso este mi\u00e9rcoles en la cuarta etapa de la Vuelta a San Juan, con un tiempo de 4 horas, 35 minutos y 37 segundos, y se convirti\u00f3 en l\u00edder de la clasificaci\u00f3n general. Gaviria&nbsp;gan\u00f3 en el sprint de los \u00faltimos 500 metros&nbsp;para quedarse con la victoria en este [&hellip;]<\/p>\n","protected":false},"author":1,"featured_media":0,"comment_status":"closed","ping_status":"closed","sticky":false,"template":"","format":"standard","meta":{"footnotes":""},"categories":[56,168,85],"tags":[13636,348,3502,4056,654,1066,17272,238,4911,18468],"class_list":["post-44803","post","type-post","status-publish","format-standard","hentry","category-deportes","category-generales","category-internacional","tag-cuarta-etapa","tag-deportes","tag-fernando-gaviria","tag-ganador","tag-internacional","tag-lider","tag-misil","tag-radio-noticias-casanare","tag-team-movistar","tag-vuelta-a-san-juan"],"_links":{"self":[{"href":"https:\/\/radionoticiascasanare.com\/inicio\/wp-json\/wp\/v2\/posts\/44803","targetHints":{"allow":["GET"]}}],"collection":[{"href":"https:\/\/radionoticiascasanare.com\/inicio\/wp-json\/wp\/v2\/posts"}],"about":[{"href":"https:\/\/radionoticiascasanare.com\/inicio\/wp-json\/wp\/v2\/types\/post"}],"author":[{"embeddable":true,"href":"https:\/\/radionoticiascasanare.com\/inicio\/wp-json\/wp\/v2\/users\/1"}],"replies":[{"embeddable":true,"href":"https:\/\/radionoticiascasanare.com\/inicio\/wp-json\/wp\/v2\/comments?post=44803"}],"version-history":[{"count":0,"href":"https:\/\/radionoticiascasanare.com\/inicio\/wp-json\/wp\/v2\/posts\/44803\/revisions"}],"wp:attachment":[{"href":"https:\/\/radionoticiascasanare.com\/inicio\/wp-json\/wp\/v2\/media?parent=44803"}],"wp:term":[{"taxonomy":"category","embeddable":true,"href":"https:\/\/radionoticiascasanare.com\/inicio\/wp-json\/wp\/v2\/categories?post=44803"},{"taxonomy":"post_tag","embeddable":true,"href":"https:\/\/radionoticiascasanare.com\/inicio\/wp-json\/wp\/v2\/tags?post=44803"}],"curies":[{"name":"wp","href":"https:\/\/api.w.org\/{rel}","templated":true}]}}