{"id":44962,"date":"2023-02-08T06:45:31","date_gmt":"2023-02-08T11:45:31","guid":{"rendered":"https:\/\/radionoticiascasanare.com\/inicio\/?p=44962"},"modified":"2023-02-08T06:45:31","modified_gmt":"2023-02-08T11:45:31","slug":"gestion-del-riesgo-realiza-canalizacion-en-el-rio-aricaporo","status":"publish","type":"post","link":"https:\/\/radionoticiascasanare.com\/inicio\/gestion-del-riesgo-realiza-canalizacion-en-el-rio-aricaporo\/","title":{"rendered":"Gesti\u00f3n del riesgo realiza canalizaci\u00f3n en el r\u00edo Aricaporo"},"content":{"rendered":"\n<p>A trav\u00e9s de Gesti\u00f3n del Riesgo de Desastres la Gobernaci\u00f3n de Casanare realiza la canalizaci\u00f3n y encauzamiento del r\u00edo Aricaporo, en inmediaciones a las veredas Berl\u00edn, Santa Mar\u00eda y Santa Teresa de Hato Corozal.<\/p>\n\n\n\n<p>\u201cNos estamos preparando para reducir las emergencias y afectaciones en las pr\u00f3ximas temporadas de lluvias. A la fecha se lleva un avance en la canalizaci\u00f3n del afluente de 400 metros lineales, por 12 metros de ancho y 3 metros de profundidad\u201d, inform\u00f3 Arvey M\u00e9ndez director de la Gesti\u00f3n del Riesgo en Casanare.<br><br>La importante construcci\u00f3n se realiza debido a las constantes inundaciones, p\u00e9rdidas de cultivos y afectaci\u00f3n de viviendas en decenas de familias campesinas vulnerables de este sector del municipio, ubicado al norte del Departamento.<\/p>\n\n\n\n<p>El trabajo se adelanta bajo el acompa\u00f1amiento y apoyo de la Alcald\u00eda Municipal y l\u00edderes comunitarios. Por su parte, Arvey M\u00e9ndez se\u00f1al\u00f3 que junto a estos l\u00edderes de dichas veredas, este mi\u00e9rcoles realizar\u00e1 un monitoreo a la obra de protecci\u00f3n, que mejorar\u00e1 las condiciones de vida de los lugare\u00f1os.<\/p>\n\n\n\n<p>En invierno y verano \u00a0#Gesti\u00f3nDelRiesgoTeDaLaMano<\/p>\n\n\n\n<p>Fuente y Fotograf\u00eda Gobernaci\u00f3n de Casanare <\/p>\n","protected":false},"excerpt":{"rendered":"<p>A trav\u00e9s de Gesti\u00f3n del Riesgo de Desastres la Gobernaci\u00f3n de Casanare realiza la canalizaci\u00f3n y encauzamiento del r\u00edo Aricaporo, en inmediaciones a las veredas Berl\u00edn, Santa Mar\u00eda y Santa Teresa de Hato Corozal. \u201cNos estamos preparando para reducir las emergencias y afectaciones en las pr\u00f3ximas temporadas de lluvias. A la fecha se lleva un [&hellip;]<\/p>\n","protected":false},"author":1,"featured_media":0,"comment_status":"closed","ping_status":"closed","sticky":false,"template":"","format":"standard","meta":{"footnotes":""},"categories":[2,66,8492,8493,132,9680],"tags":[11492,3,10050,332,999,238,18536],"class_list":["post-44962","post","type-post","status-publish","format-standard","hentry","category-casanare","category-destacadas","category-noticias-casanare","category-noticias-de-casanare","category-orinoquia","category-region","tag-canalizacion","tag-casanare","tag-gestion-del-riesgo-de-desastres","tag-gobernacion-de-casanare","tag-hato-corozal","tag-radio-noticias-casanare","tag-rio-aricaporo"],"_links":{"self":[{"href":"https:\/\/radionoticiascasanare.com\/inicio\/wp-json\/wp\/v2\/posts\/44962","targetHints":{"allow":["GET"]}}],"collection":[{"href":"https:\/\/radionoticiascasanare.com\/inicio\/wp-json\/wp\/v2\/posts"}],"about":[{"href":"https:\/\/radionoticiascasanare.com\/inicio\/wp-json\/wp\/v2\/types\/post"}],"author":[{"embeddable":true,"href":"https:\/\/radionoticiascasanare.com\/inicio\/wp-json\/wp\/v2\/users\/1"}],"replies":[{"embeddable":true,"href":"https:\/\/radionoticiascasanare.com\/inicio\/wp-json\/wp\/v2\/comments?post=44962"}],"version-history":[{"count":0,"href":"https:\/\/radionoticiascasanare.com\/inicio\/wp-json\/wp\/v2\/posts\/44962\/revisions"}],"wp:attachment":[{"href":"https:\/\/radionoticiascasanare.com\/inicio\/wp-json\/wp\/v2\/media?parent=44962"}],"wp:term":[{"taxonomy":"category","embeddable":true,"href":"https:\/\/radionoticiascasanare.com\/inicio\/wp-json\/wp\/v2\/categories?post=44962"},{"taxonomy":"post_tag","embeddable":true,"href":"https:\/\/radionoticiascasanare.com\/inicio\/wp-json\/wp\/v2\/tags?post=44962"}],"curies":[{"name":"wp","href":"https:\/\/api.w.org\/{rel}","templated":true}]}}