{"id":44986,"date":"2023-02-09T06:43:24","date_gmt":"2023-02-09T11:43:24","guid":{"rendered":"https:\/\/radionoticiascasanare.com\/inicio\/?p=44986"},"modified":"2023-02-09T06:43:24","modified_gmt":"2023-02-09T11:43:24","slug":"alcalde-de-yopal-posesiono-al-primer-director-de-la-casa-de-justicia","status":"publish","type":"post","link":"https:\/\/radionoticiascasanare.com\/inicio\/alcalde-de-yopal-posesiono-al-primer-director-de-la-casa-de-justicia\/","title":{"rendered":"Alcalde de Yopal Posesion\u00f3 al primer Director de la Casa de Justicia"},"content":{"rendered":"\n<p>Por primera vez desde su creaci\u00f3n, la Casa de Justicia tendr\u00e1 un director en propiedad. Se trata del Administrador P\u00fablico egresado de la Escuela Superior de Administraci\u00f3n P\u00fablica (ESAP), Orlando Correa, quien es adem\u00e1s Especialista en Gesti\u00f3n P\u00fablica de la misma instituci\u00f3n y Mag\u00edster en Derechos Fundamentales de la Universidad Santo Tom\u00e1s de Tunja.<\/p>\n\n\n\n<p>El profesional que cuenta tambi\u00e9n con una experiencia de 30 a\u00f1os en el ejercicio del periodismo, llega a asumir la direcci\u00f3n de esta entidad con el fiel prop\u00f3sito de disminuir las cifras de violencia intrafamiliar, de g\u00e9nero, y de todo tipo de violencia. \u00a0\u00a0<\/p>\n\n\n\n<p>\u201cLa intenci\u00f3n es trabajar articuladamente con todas las instituciones que dentro de sus prop\u00f3sitos tienen la reducci\u00f3n de violencia intrafamiliar, de g\u00e9nero y de todo tipo de violencia, esto para disminuir estos altos y desafortunados \u00edndices de hechos violentos\u201d, destac\u00f3 Orlando Correa.<\/p>\n\n\n\n<p>Cabe recordar, que Casa de Justicia ven\u00eda con la figura de coordinador, que era un profesional vinculado bajo Contrato de Prestaci\u00f3n de Servicios (CPS), lo que era una falencia al interior de la entidad. Por tal raz\u00f3n, el actual Gobierno Municipal crea la figura de director, cuya vinculaci\u00f3n es en la modalidad de Libre Nombramiento y Remoci\u00f3n.<\/p>\n\n\n\n<h3 class=\"wp-block-heading\">Dato de inter\u00e9s<\/h3>\n\n\n\n<p>Orlando Correa fue el autor de tres acciones populares, dos de las cuales, lograron la culminaci\u00f3n de obras inconclusas en Yopal: Parque de Las Aguas e intercambiador vial.<\/p>\n\n\n\n<p>Fuente y Fotograf\u00eda Alcald\u00eda de Yopal <\/p>\n","protected":false},"excerpt":{"rendered":"<p>Por primera vez desde su creaci\u00f3n, la Casa de Justicia tendr\u00e1 un director en propiedad. Se trata del Administrador P\u00fablico egresado de la Escuela Superior de Administraci\u00f3n P\u00fablica (ESAP), Orlando Correa, quien es adem\u00e1s Especialista en Gesti\u00f3n P\u00fablica de la misma instituci\u00f3n y Mag\u00edster en Derechos Fundamentales de la Universidad Santo Tom\u00e1s de Tunja. El [&hellip;]<\/p>\n","protected":false},"author":1,"featured_media":0,"comment_status":"closed","ping_status":"closed","sticky":false,"template":"","format":"standard","meta":{"footnotes":""},"categories":[2,66,8492,8493,132,9680],"tags":[237,5647,3,13419,18542,2214,238,16],"class_list":["post-44986","post","type-post","status-publish","format-standard","hentry","category-casanare","category-destacadas","category-noticias-casanare","category-noticias-de-casanare","category-orinoquia","category-region","tag-alcaldia-de-yopal","tag-casa-de-justicia","tag-casanare","tag-director","tag-orlando-correa","tag-posesion","tag-radio-noticias-casanare","tag-yopal"],"_links":{"self":[{"href":"https:\/\/radionoticiascasanare.com\/inicio\/wp-json\/wp\/v2\/posts\/44986","targetHints":{"allow":["GET"]}}],"collection":[{"href":"https:\/\/radionoticiascasanare.com\/inicio\/wp-json\/wp\/v2\/posts"}],"about":[{"href":"https:\/\/radionoticiascasanare.com\/inicio\/wp-json\/wp\/v2\/types\/post"}],"author":[{"embeddable":true,"href":"https:\/\/radionoticiascasanare.com\/inicio\/wp-json\/wp\/v2\/users\/1"}],"replies":[{"embeddable":true,"href":"https:\/\/radionoticiascasanare.com\/inicio\/wp-json\/wp\/v2\/comments?post=44986"}],"version-history":[{"count":0,"href":"https:\/\/radionoticiascasanare.com\/inicio\/wp-json\/wp\/v2\/posts\/44986\/revisions"}],"wp:attachment":[{"href":"https:\/\/radionoticiascasanare.com\/inicio\/wp-json\/wp\/v2\/media?parent=44986"}],"wp:term":[{"taxonomy":"category","embeddable":true,"href":"https:\/\/radionoticiascasanare.com\/inicio\/wp-json\/wp\/v2\/categories?post=44986"},{"taxonomy":"post_tag","embeddable":true,"href":"https:\/\/radionoticiascasanare.com\/inicio\/wp-json\/wp\/v2\/tags?post=44986"}],"curies":[{"name":"wp","href":"https:\/\/api.w.org\/{rel}","templated":true}]}}