{"id":45254,"date":"2023-02-24T07:12:21","date_gmt":"2023-02-24T12:12:21","guid":{"rendered":"https:\/\/radionoticiascasanare.com\/inicio\/?p=45254"},"modified":"2023-02-24T07:12:21","modified_gmt":"2023-02-24T12:12:21","slug":"secretaria-de-salud-municipal-realiza-jornadas-de-atencion-para-llegar-a-mas-familias-rurales","status":"publish","type":"post","link":"https:\/\/radionoticiascasanare.com\/inicio\/secretaria-de-salud-municipal-realiza-jornadas-de-atencion-para-llegar-a-mas-familias-rurales\/","title":{"rendered":"Secretar\u00eda de salud municipal realiza jornadas de atenci\u00f3n, para llegar a m\u00e1s familias rurales"},"content":{"rendered":"\n<p>La Administraci\u00f3n Municipal &#8220;Yopal, Ciudad Segura&#8221; del alcalde Luis Eduardo Castro, est\u00e1 cumpliendo los compromisos adquiridos con el sector rural, llegando con las jornadas extramurales \u201cSalud Segura, Veredas m\u00e1s Saludables\u201d, en las que se ofrece medicina general, salud oral, vacunaci\u00f3n, promoci\u00f3n y prevenci\u00f3n, Sisb\u00e9n, afiliaci\u00f3n al sistema de seguridad social, entre otros servicios. En cada desplazamiento se cuenta con el apoyo del personal de la secretar\u00eda de la Salud Municipal y la E.S.E. Salud Yopal \u2013 Hospital Central.<\/p>\n\n\n\n<h2 class=\"wp-block-heading\"><strong>Alcance<\/strong><\/h2>\n\n\n\n<p>Esta jornada ha llegado a los&nbsp;<strong>11<\/strong>&nbsp;corregimientos y m\u00e1s de&nbsp;<strong>80<\/strong>&nbsp;veredas para poder atender a aquella poblaci\u00f3n que por alg\u00fan motivo se le dificulta acudir al \u00e1rea urbana. Y es justamente por eso que la Alcald\u00eda de Yopal, a trav\u00e9s de la secretar\u00eda de Salud, junto con el Hospital Central, dispone de profesionales en diferentes especialidades para recorrer todas las veredas. Con corte a diciembre del a\u00f1o 2022,&nbsp;<strong>5.500<\/strong>&nbsp;personas del \u00e1rea rural han sido beneficiadas (1.000 en el a\u00f1o 2021 y 4.500 en el a\u00f1o 2022).<\/p>\n\n\n\n<p>La invitaci\u00f3n de la secretar\u00eda de Salud Municipal, en cabeza del Dr. Carlos Alberto Rivera, est\u00e1 abierta a toda la poblaci\u00f3n de los corregimientos y sus veredas aleda\u00f1as, para que aprovechen estos servicios que se brindan como parte de los planes de Promoci\u00f3n de la Salud y Prevenci\u00f3n del Municipio.<\/p>\n\n\n\n<p>La parte rural es un tema fundamental del actual Gobierno, por tal motivo se trabaja para estar m\u00e1s cerca de todas las comunidades y facilitarles el acceso a los servicios de salud a las familias que viven en sectores alejados del casco urbano y que por diferentes motivos se les dificulta movilizarse.<\/p>\n\n\n\n<p>De esta manera, el alcalde Luis Eduardo Castro est\u00e1 cumpliendo; llevando salud y bienestar a las familias campesinas.<\/p>\n\n\n\n<p>Fuente y Fotograf\u00eda Alcald\u00eda de Yopal <\/p>\n","protected":false},"excerpt":{"rendered":"<p>La Administraci\u00f3n Municipal &#8220;Yopal, Ciudad Segura&#8221; del alcalde Luis Eduardo Castro, est\u00e1 cumpliendo los compromisos adquiridos con el sector rural, llegando con las jornadas extramurales \u201cSalud Segura, Veredas m\u00e1s Saludables\u201d, en las que se ofrece medicina general, salud oral, vacunaci\u00f3n, promoci\u00f3n y prevenci\u00f3n, Sisb\u00e9n, afiliaci\u00f3n al sistema de seguridad social, entre otros servicios. En cada [&hellip;]<\/p>\n","protected":false},"author":1,"featured_media":0,"comment_status":"closed","ping_status":"closed","sticky":false,"template":"","format":"standard","meta":{"footnotes":""},"categories":[2,66,8492,8493,132,9680],"tags":[18640,18638,237,3,17173,1000,8048,238,11362,300,3480,1010,18639,16],"class_list":["post-45254","post","type-post","status-publish","format-standard","hentry","category-casanare","category-destacadas","category-noticias-casanare","category-noticias-de-casanare","category-orinoquia","category-region","tag-salud-segura-2","tag-afiliacion-al-sistema-de-seguridad-social","tag-alcaldia-de-yopal","tag-casanare","tag-jornadas-de-atencion","tag-medicina-general","tag-promocion-y-prevencion","tag-radio-noticias-casanare","tag-salud-oral","tag-secretaria-de-salud","tag-sisben","tag-vacunacion","tag-veredas-mas-saludables-2","tag-yopal"],"_links":{"self":[{"href":"https:\/\/radionoticiascasanare.com\/inicio\/wp-json\/wp\/v2\/posts\/45254","targetHints":{"allow":["GET"]}}],"collection":[{"href":"https:\/\/radionoticiascasanare.com\/inicio\/wp-json\/wp\/v2\/posts"}],"about":[{"href":"https:\/\/radionoticiascasanare.com\/inicio\/wp-json\/wp\/v2\/types\/post"}],"author":[{"embeddable":true,"href":"https:\/\/radionoticiascasanare.com\/inicio\/wp-json\/wp\/v2\/users\/1"}],"replies":[{"embeddable":true,"href":"https:\/\/radionoticiascasanare.com\/inicio\/wp-json\/wp\/v2\/comments?post=45254"}],"version-history":[{"count":0,"href":"https:\/\/radionoticiascasanare.com\/inicio\/wp-json\/wp\/v2\/posts\/45254\/revisions"}],"wp:attachment":[{"href":"https:\/\/radionoticiascasanare.com\/inicio\/wp-json\/wp\/v2\/media?parent=45254"}],"wp:term":[{"taxonomy":"category","embeddable":true,"href":"https:\/\/radionoticiascasanare.com\/inicio\/wp-json\/wp\/v2\/categories?post=45254"},{"taxonomy":"post_tag","embeddable":true,"href":"https:\/\/radionoticiascasanare.com\/inicio\/wp-json\/wp\/v2\/tags?post=45254"}],"curies":[{"name":"wp","href":"https:\/\/api.w.org\/{rel}","templated":true}]}}