{"id":45293,"date":"2023-02-27T07:16:01","date_gmt":"2023-02-27T12:16:01","guid":{"rendered":"https:\/\/radionoticiascasanare.com\/inicio\/?p=45293"},"modified":"2023-02-27T07:16:01","modified_gmt":"2023-02-27T12:16:01","slug":"104-familias-rurales-de-yopal-seran-beneficiarios-del-proyecto-de-sistema-de-energia-solar-liderado-por-enerca","status":"publish","type":"post","link":"https:\/\/radionoticiascasanare.com\/inicio\/104-familias-rurales-de-yopal-seran-beneficiarios-del-proyecto-de-sistema-de-energia-solar-liderado-por-enerca\/","title":{"rendered":"104 familias rurales de Yopal ser\u00e1n beneficiarios del proyecto de sistema de energ\u00eda solar liderado por ENERCA"},"content":{"rendered":"\n<p>Durante la visita de la gerente de Enerca, Ericca Neita Pinto, al corregimiento de Morichal, se realiz\u00f3 la verificaci\u00f3n del sistema fotovoltaico individual en el hogar de los S\u00e1nchez Hern\u00e1ndez, quienes por primera vez cuentan con energ\u00eda.<\/p>\n\n\n\n<p>A la vereda La Argelia del municipio de Yopal, lleg\u00f3 el sistema de energ\u00eda solar, liderado por la Empresa de Energ\u00eda de Casanare \u2013 ENERCA S.A. E.S.P. con una inversi\u00f3n de $2.900 millones del Sistema General de Regal\u00edas, para dar cumplimiento a un compromiso adquirido por el gobernador de Casanare, Salom\u00f3n Sanabria, a 104 familias de zonas no interconectadas del municipio de Yopal. A sectores rurales de Tilodir\u00e1n, Morichal, Tacarimena, Quebradaseca y Punto Nuevo, est\u00e1 llegando progresivamente la energ\u00eda, a trav\u00e9s de la instalaci\u00f3n de un panel solar en su vivienda.<\/p>\n\n\n\n<p>\u201cCon este proyecto buscamos beneficiar a las familias de los sectores m\u00e1s lejanos de Yopal, debido a sus imperiosas necesidades al no contar con la conexi\u00f3n al sistema el\u00e9ctrico hemos beneficiado a 56 de ellos. Su vida ha cambiado, ahora pueden usar aparatos el\u00e9ctricos que contribuyen al mejoramiento de su calidad de vida\u201d, afirm\u00f3 Ericca Neita.<\/p>\n\n\n\n<p>Y es que la instalaci\u00f3n de este sistema fotovoltaico que incluye una serie de paneles solares, bater\u00eda, inversor y controlador, es una apuesta del gobierno Es El Tiempo de Casanare por las energ\u00edas limpias y se convierte en una bandera de esperanza para la regi\u00f3n y en un gesto de voluntad de trabajar por el progreso de los casanare\u00f1os en cada rinc\u00f3n del departamento.<\/p>\n\n\n\n<p>\u201cEstoy muy feliz al saber que ya tengo ese servicio, siempre ten\u00edamos que alumbrarnos con mecheros de ACPM y ese humo nos causaba enfermedades en los pulmones, muy feliz al saber que tenemos luz gracias a la Gobernaci\u00f3n de Casanare\u201d, dijo Edilma Hern\u00e1ndez, esposa de Ferney quienes, en adelante, tendr\u00e1n todas las garant\u00edas para seguir disfrutando de este servicio de energ\u00eda solar.<\/p>\n\n\n\n<p>Fuente y Fotograf\u00eda Gobernaci\u00f3n de Casanare <\/p>\n","protected":false},"excerpt":{"rendered":"<p>Durante la visita de la gerente de Enerca, Ericca Neita Pinto, al corregimiento de Morichal, se realiz\u00f3 la verificaci\u00f3n del sistema fotovoltaico individual en el hogar de los S\u00e1nchez Hern\u00e1ndez, quienes por primera vez cuentan con energ\u00eda. A la vereda La Argelia del municipio de Yopal, lleg\u00f3 el sistema de energ\u00eda solar, liderado por la [&hellip;]<\/p>\n","protected":false},"author":1,"featured_media":0,"comment_status":"closed","ping_status":"closed","sticky":false,"template":"","format":"standard","meta":{"footnotes":""},"categories":[2,66,8492,8493,132,9680],"tags":[2439,3,224,18659,332,10959,238,18660,18661,16],"class_list":["post-45293","post","type-post","status-publish","format-standard","hentry","category-casanare","category-destacadas","category-noticias-casanare","category-noticias-de-casanare","category-orinoquia","category-region","tag-beneficiarios","tag-casanare","tag-enerca","tag-ericca-neita","tag-gobernacion-de-casanare","tag-paneles-solares","tag-radio-noticias-casanare","tag-sistema-de-energia-solar","tag-vereda-la-argelia","tag-yopal"],"_links":{"self":[{"href":"https:\/\/radionoticiascasanare.com\/inicio\/wp-json\/wp\/v2\/posts\/45293","targetHints":{"allow":["GET"]}}],"collection":[{"href":"https:\/\/radionoticiascasanare.com\/inicio\/wp-json\/wp\/v2\/posts"}],"about":[{"href":"https:\/\/radionoticiascasanare.com\/inicio\/wp-json\/wp\/v2\/types\/post"}],"author":[{"embeddable":true,"href":"https:\/\/radionoticiascasanare.com\/inicio\/wp-json\/wp\/v2\/users\/1"}],"replies":[{"embeddable":true,"href":"https:\/\/radionoticiascasanare.com\/inicio\/wp-json\/wp\/v2\/comments?post=45293"}],"version-history":[{"count":0,"href":"https:\/\/radionoticiascasanare.com\/inicio\/wp-json\/wp\/v2\/posts\/45293\/revisions"}],"wp:attachment":[{"href":"https:\/\/radionoticiascasanare.com\/inicio\/wp-json\/wp\/v2\/media?parent=45293"}],"wp:term":[{"taxonomy":"category","embeddable":true,"href":"https:\/\/radionoticiascasanare.com\/inicio\/wp-json\/wp\/v2\/categories?post=45293"},{"taxonomy":"post_tag","embeddable":true,"href":"https:\/\/radionoticiascasanare.com\/inicio\/wp-json\/wp\/v2\/tags?post=45293"}],"curies":[{"name":"wp","href":"https:\/\/api.w.org\/{rel}","templated":true}]}}