{"id":45934,"date":"2023-04-19T06:41:22","date_gmt":"2023-04-19T11:41:22","guid":{"rendered":"https:\/\/radionoticiascasanare.com\/inicio\/?p=45934"},"modified":"2023-04-19T06:42:32","modified_gmt":"2023-04-19T11:42:32","slug":"secretaria-de-salud-continua-trabajando-para-llevar-jornadas-de-salud-al-sector-rural-de-yopal","status":"publish","type":"post","link":"https:\/\/radionoticiascasanare.com\/inicio\/secretaria-de-salud-continua-trabajando-para-llevar-jornadas-de-salud-al-sector-rural-de-yopal\/","title":{"rendered":"Secretar\u00eda de Salud, contin\u00faa trabajando para llevar jornadas de salud al sector rural de Yopal"},"content":{"rendered":"<p style=\"font-weight: 400;\"><img fetchpriority=\"high\" decoding=\"async\" class=\"size-medium wp-image-45942 alignleft\" src=\"https:\/\/radionoticiascasanare.com\/inicio\/wp-content\/uploads\/2023\/04\/0162-FOTO-1-300x198.jpeg\" alt=\"\" width=\"300\" height=\"198\" srcset=\"https:\/\/radionoticiascasanare.com\/inicio\/wp-content\/uploads\/2023\/04\/0162-FOTO-1-300x198.jpeg 300w, https:\/\/radionoticiascasanare.com\/inicio\/wp-content\/uploads\/2023\/04\/0162-FOTO-1-1024x677.jpeg 1024w, https:\/\/radionoticiascasanare.com\/inicio\/wp-content\/uploads\/2023\/04\/0162-FOTO-1-768x508.jpeg 768w, https:\/\/radionoticiascasanare.com\/inicio\/wp-content\/uploads\/2023\/04\/0162-FOTO-1-1536x1016.jpeg 1536w, https:\/\/radionoticiascasanare.com\/inicio\/wp-content\/uploads\/2023\/04\/0162-FOTO-1.jpeg 1600w\" sizes=\"(max-width: 300px) 100vw, 300px\" \/>La Administraci\u00f3n Municipal &#8220;Yopal, Ciudad Segura&#8221; del alcalde Luis Eduardo Castro, est\u00e1 cumpliendo los compromisos adquiridos con el sector rural, llegando con las jornadas extramurales \u201cSalud Segura, Veredas m\u00e1s Saludables\u201d, en las que se ofrece medicina general, salud oral, vacunaci\u00f3n, promoci\u00f3n y prevenci\u00f3n, entre otros servicios.<\/p>\n<p style=\"font-weight: 400;\">En cada desplazamiento se cuenta con el apoyo de las diferentes Dimensiones de la secretar\u00eda de Salud Municipal, la E.S.E. Salud Yopal y Eps, quienes, con amor y responsabilidad, llevan sus servicios a las familias de este sector. En este mes de abril se han visitado las veredas: Palo Bajito del corregimiento Mata de Lim\u00f3n; La Calceta del corregimiento Tacarimena; Sococh\u00f3 del corregimiento El Morro; Quebradaseca y Bella Vista del Corregimiento El Charte. Sin embargo, la programaci\u00f3n contin\u00faa de la siguiente forma:<\/p>\n<p style=\"font-weight: 400;\"><strong>Programaci\u00f3n abril 2023:<\/strong><\/p>\n<p style=\"font-weight: 400;\">&#8211; Vereda El Garz\u00f3n, Corregimiento Morichal \u2013 19 de abril<\/p>\n<p style=\"font-weight: 400;\">&#8211; Vereda Villa del Carmen, Corregimiento Mata de Lim\u00f3n \u2013 20 de abril<\/p>\n<p style=\"font-weight: 400;\">&#8211; Vereda La Pedrera, Corregimiento Morichal \u2013 22 de abril<\/p>\n<p style=\"font-weight: 400;\">&#8211; Vereda Rinc\u00f3n del Soldado, Corregimiento El Charte \u2013 25 de abril<\/p>\n<p style=\"font-weight: 400;\">&#8211; Vereda El Amparo, Corregimiento Punto Nuevo \u2013 26 de abril<\/p>\n<p style=\"font-weight: 400;\">&#8211; Vereda Tacarimena, Corregimiento Tacarimena \u2013 27 de abril<\/p>\n<p style=\"font-weight: 400;\">La parte rural es un tema fundamental del actual Gobierno, por tal motivo se trabaja para estar m\u00e1s cerca de todas las comunidades y facilitarles el acceso a los servicios de salud a las familias que viven en sectores alejados del casco urbano y que por diferentes motivos se les dificulta movilizarse.<\/p>\n<p style=\"font-weight: 400;\">La invitaci\u00f3n est\u00e1 abierta a toda la poblaci\u00f3n de los corregimientos y sus veredas aleda\u00f1as, para que aprovechen estos servicios que se brindan como parte de los planes de Promoci\u00f3n de la salud y Prevenci\u00f3n del Municipio.<\/p>\n<p>Fuente y Fotograf\u00eda Alcald\u00eda de Yopal<\/p>\n","protected":false},"excerpt":{"rendered":"<p>La Administraci\u00f3n Municipal &#8220;Yopal, Ciudad Segura&#8221; del alcalde Luis Eduardo Castro, est\u00e1 cumpliendo los compromisos adquiridos con el sector rural, llegando con las jornadas extramurales \u201cSalud Segura, Veredas m\u00e1s Saludables\u201d, en las que se ofrece medicina general, salud oral, vacunaci\u00f3n, promoci\u00f3n y prevenci\u00f3n, entre otros servicios. En cada desplazamiento se cuenta con el apoyo de [&hellip;]<\/p>\n","protected":false},"author":3,"featured_media":45942,"comment_status":"open","ping_status":"open","sticky":false,"template":"","format":"standard","meta":{"footnotes":""},"categories":[2,66,8492,8493,132,9680,2280],"tags":[237,18934,3,15455,3271,238,16725,300,2145,922,16726,16],"class_list":["post-45934","post","type-post","status-publish","format-standard","has-post-thumbnail","hentry","category-casanare","category-destacadas","category-noticias-casanare","category-noticias-de-casanare","category-orinoquia","category-region","category-salud","tag-alcaldia-de-yopal","tag-bella-vista","tag-casanare","tag-jornadas-de-salud","tag-quebradaseca","tag-radio-noticias-casanare","tag-salud-segura","tag-secretaria-de-salud","tag-sococho","tag-tacarimena","tag-veredas-mas-saludables","tag-yopal"],"_links":{"self":[{"href":"https:\/\/radionoticiascasanare.com\/inicio\/wp-json\/wp\/v2\/posts\/45934","targetHints":{"allow":["GET"]}}],"collection":[{"href":"https:\/\/radionoticiascasanare.com\/inicio\/wp-json\/wp\/v2\/posts"}],"about":[{"href":"https:\/\/radionoticiascasanare.com\/inicio\/wp-json\/wp\/v2\/types\/post"}],"author":[{"embeddable":true,"href":"https:\/\/radionoticiascasanare.com\/inicio\/wp-json\/wp\/v2\/users\/3"}],"replies":[{"embeddable":true,"href":"https:\/\/radionoticiascasanare.com\/inicio\/wp-json\/wp\/v2\/comments?post=45934"}],"version-history":[{"count":2,"href":"https:\/\/radionoticiascasanare.com\/inicio\/wp-json\/wp\/v2\/posts\/45934\/revisions"}],"predecessor-version":[{"id":45944,"href":"https:\/\/radionoticiascasanare.com\/inicio\/wp-json\/wp\/v2\/posts\/45934\/revisions\/45944"}],"wp:featuredmedia":[{"embeddable":true,"href":"https:\/\/radionoticiascasanare.com\/inicio\/wp-json\/wp\/v2\/media\/45942"}],"wp:attachment":[{"href":"https:\/\/radionoticiascasanare.com\/inicio\/wp-json\/wp\/v2\/media?parent=45934"}],"wp:term":[{"taxonomy":"category","embeddable":true,"href":"https:\/\/radionoticiascasanare.com\/inicio\/wp-json\/wp\/v2\/categories?post=45934"},{"taxonomy":"post_tag","embeddable":true,"href":"https:\/\/radionoticiascasanare.com\/inicio\/wp-json\/wp\/v2\/tags?post=45934"}],"curies":[{"name":"wp","href":"https:\/\/api.w.org\/{rel}","templated":true}]}}