{"id":46580,"date":"2023-05-31T07:18:46","date_gmt":"2023-05-31T12:18:46","guid":{"rendered":"https:\/\/radionoticiascasanare.com\/inicio\/?p=46580"},"modified":"2023-05-31T07:18:46","modified_gmt":"2023-05-31T12:18:46","slug":"petro-anuncia-el-regreso-de-colombia-a-la-unasur","status":"publish","type":"post","link":"https:\/\/radionoticiascasanare.com\/inicio\/petro-anuncia-el-regreso-de-colombia-a-la-unasur\/","title":{"rendered":"Petro anuncia el regreso de Colombia a la UNASUR"},"content":{"rendered":"<figure id=\"attachment_46584\" aria-describedby=\"caption-attachment-46584\" style=\"width: 300px\" class=\"wp-caption alignleft\"><img fetchpriority=\"high\" decoding=\"async\" class=\"size-medium wp-image-46584\" src=\"https:\/\/radionoticiascasanare.com\/inicio\/wp-content\/uploads\/2023\/05\/221212-02-Condecoracion-Jose-Ignacio-Marquez-Merito-Judicial_0-300x185.jpg\" alt=\"\" width=\"300\" height=\"185\" srcset=\"https:\/\/radionoticiascasanare.com\/inicio\/wp-content\/uploads\/2023\/05\/221212-02-Condecoracion-Jose-Ignacio-Marquez-Merito-Judicial_0-300x185.jpg 300w, https:\/\/radionoticiascasanare.com\/inicio\/wp-content\/uploads\/2023\/05\/221212-02-Condecoracion-Jose-Ignacio-Marquez-Merito-Judicial_0.jpg 730w\" sizes=\"(max-width: 300px) 100vw, 300px\" \/><figcaption id=\"caption-attachment-46584\" class=\"wp-caption-text\">Elnuevosiglo.com<\/figcaption><\/figure>\n<p><strong>El presidente colombiano, Gustavo Petro, ha anunciado este martes la vuelta de Colombia a la Uni\u00f3n de Naciones Suramericanas (Unasur), cinco a\u00f1os despu\u00e9s de que el entonces mandatario del pa\u00eds, Iv\u00e1n Duque, abandonara el organismo alegando que serv\u00eda a los intereses de la &#8220;dictadura&#8221; de Venezuela.<\/strong><\/p>\n<p>Petro, que se encuentra en Brasilia en una cumbre de mandatarios suramericanos, ha indicado que ha decidido &#8220;reintegrar el pa\u00eds a la Unasur, ratificando el tratado aprobado por el Congreso&#8221;, seg\u00fan una publicaci\u00f3n en su perfil de la red social Twitter.<\/p>\n<p>&#8220;He solicitado que se llame Asociaci\u00f3n de Naciones Suramericanas para garantizar el pluralismo y la permanencia en el tiempo&#8221;, ha agregado el dirigente colombiano.<\/p>\n<p><strong>En el marco de esta cumbre impulsada por el presidente brasile\u00f1o, Luiz In\u00e1cio Lula da Silva, mandatarios como el argentino Alberto Fern\u00e1ndez han hecho un llamamiento a que la unidad regional sea una pol\u00edtica de Estado en cada pa\u00eds para lograr un organismo que fortalezca a todos los pa\u00edses para enfrentar &#8220;la nueva dimensi\u00f3n de la globalizaci\u00f3n, informa la agencia T\u00e9lam.<\/strong><\/p>\n<p>&nbsp;<\/p>\n<p>&#8220;Unasur no es un espacio ideol\u00f3gico sino de intereses comunes que debemos desarrollar y profundizar&#8221;, ha declarado Fern\u00e1ndez en el Palacio de Itamaraty, sede del Ministerio de Exteriores brasile\u00f1o, donde ha manifestado que &#8220;no nos sirvi\u00f3 de nada estar divididos&#8221; en la pandemia de la COVID-19, haciendo referencia a la dificultad de conseguir vacunas en el continente.<\/p>\n<p>&#8220;Primer (tendremos que) concertar intereses, integrarnos f\u00edsicamente. Se trata de garantizar la seguridad sanitaria. Acabamos de vivir una pandemia en la que todos corrimos buscando vacunas. (&#8230;) Debemos aprender de lo vivido, lo bueno es la experiencia que nos queda&#8221;, ha explicado.<\/p>\n<p><strong>Unasur es una organizaci\u00f3n regional intergubernamental fundada en 2008 y conformada actualmente por Argentina, Bolivia, Brasil, Guyana, Surinam y Venezuela, despu\u00e9s de que en 2018 varios pa\u00edses de la regi\u00f3n suspendieran su participaci\u00f3n.<\/strong><\/p>\n<p>Fuente y Fotograf\u00eda Elnuevosiglo.com<\/p>\n","protected":false},"excerpt":{"rendered":"<p>El presidente colombiano, Gustavo Petro, ha anunciado este martes la vuelta de Colombia a la Uni\u00f3n de Naciones Suramericanas (Unasur), cinco a\u00f1os despu\u00e9s de que el entonces mandatario del pa\u00eds, Iv\u00e1n Duque, abandonara el organismo alegando que serv\u00eda a los intereses de la &#8220;dictadura&#8221; de Venezuela. Petro, que se encuentra en Brasilia en una cumbre [&hellip;]<\/p>\n","protected":false},"author":3,"featured_media":46584,"comment_status":"open","ping_status":"open","sticky":false,"template":"","format":"standard","meta":{"footnotes":""},"categories":[168,51,5476],"tags":[5475,2265,238,11606,868,19198],"class_list":["post-46580","post","type-post","status-publish","format-standard","has-post-thumbnail","hentry","category-generales","category-nacional","category-politica","tag-gustavo-petro","tag-nacional","tag-radio-noticias-casanare","tag-regreso","tag-unasur","tag-union-de-naciones-suramericanas"],"_links":{"self":[{"href":"https:\/\/radionoticiascasanare.com\/inicio\/wp-json\/wp\/v2\/posts\/46580","targetHints":{"allow":["GET"]}}],"collection":[{"href":"https:\/\/radionoticiascasanare.com\/inicio\/wp-json\/wp\/v2\/posts"}],"about":[{"href":"https:\/\/radionoticiascasanare.com\/inicio\/wp-json\/wp\/v2\/types\/post"}],"author":[{"embeddable":true,"href":"https:\/\/radionoticiascasanare.com\/inicio\/wp-json\/wp\/v2\/users\/3"}],"replies":[{"embeddable":true,"href":"https:\/\/radionoticiascasanare.com\/inicio\/wp-json\/wp\/v2\/comments?post=46580"}],"version-history":[{"count":1,"href":"https:\/\/radionoticiascasanare.com\/inicio\/wp-json\/wp\/v2\/posts\/46580\/revisions"}],"predecessor-version":[{"id":46585,"href":"https:\/\/radionoticiascasanare.com\/inicio\/wp-json\/wp\/v2\/posts\/46580\/revisions\/46585"}],"wp:featuredmedia":[{"embeddable":true,"href":"https:\/\/radionoticiascasanare.com\/inicio\/wp-json\/wp\/v2\/media\/46584"}],"wp:attachment":[{"href":"https:\/\/radionoticiascasanare.com\/inicio\/wp-json\/wp\/v2\/media?parent=46580"}],"wp:term":[{"taxonomy":"category","embeddable":true,"href":"https:\/\/radionoticiascasanare.com\/inicio\/wp-json\/wp\/v2\/categories?post=46580"},{"taxonomy":"post_tag","embeddable":true,"href":"https:\/\/radionoticiascasanare.com\/inicio\/wp-json\/wp\/v2\/tags?post=46580"}],"curies":[{"name":"wp","href":"https:\/\/api.w.org\/{rel}","templated":true}]}}