{"id":46608,"date":"2023-06-01T07:08:14","date_gmt":"2023-06-01T12:08:14","guid":{"rendered":"https:\/\/radionoticiascasanare.com\/inicio\/?p=46608"},"modified":"2023-06-01T07:08:14","modified_gmt":"2023-06-01T12:08:14","slug":"nueve-de-cada-10-salvadorenos-apoyan-a-bukele","status":"publish","type":"post","link":"https:\/\/radionoticiascasanare.com\/inicio\/nueve-de-cada-10-salvadorenos-apoyan-a-bukele\/","title":{"rendered":"Nueve de cada 10 salvadore\u00f1os apoyan a Bukele"},"content":{"rendered":"<figure id=\"attachment_46610\" aria-describedby=\"caption-attachment-46610\" style=\"width: 306px\" class=\"wp-caption alignleft\"><img fetchpriority=\"high\" decoding=\"async\" class=\" wp-image-46610\" src=\"https:\/\/radionoticiascasanare.com\/inicio\/wp-content\/uploads\/2023\/06\/05bjf1-junio1-1-300x185.png\" alt=\"\" width=\"306\" height=\"189\" srcset=\"https:\/\/radionoticiascasanare.com\/inicio\/wp-content\/uploads\/2023\/06\/05bjf1-junio1-1-300x185.png 300w, https:\/\/radionoticiascasanare.com\/inicio\/wp-content\/uploads\/2023\/06\/05bjf1-junio1-1.png 730w\" sizes=\"(max-width: 306px) 100vw, 306px\" \/><figcaption id=\"caption-attachment-46610\" class=\"wp-caption-text\">AFP-elnuevosiglo.com<\/figcaption><\/figure>\n<p dir=\"ltr\"><b>CON gran popularidad por su \u201cguerra\u201d contra las pandillas, pero con cr\u00edticas sobre la vigencia de los valores democr\u00e1ticos, el presidente Nayib Bukele cumpli\u00f3 cuatro a\u00f1os en el poder en El Salvador y planea otro per\u00edodo, que se da por descontado conseguir\u00e1.<\/b><\/p>\n<p dir=\"ltr\">Las encuestas se\u00f1alaron que nueve de cada diez salvadore\u00f1os aprueban la gesti\u00f3n de Bukele, que ha devuelto la seguridad a las calles, pero su cruzada antipandillas encendi\u00f3 las alarmas de los defensores de los derechos humanos y algunos analistas advirtieron que parece gobernar sin contrapeso de otros poderes del Estado.<\/p>\n<p dir=\"ltr\">&#8220;Se puede calificar como un logro notable el tema de la reducci\u00f3n de la operatividad de las pandillas (&#8230;), por la reducci\u00f3n del n\u00famero de delitos cometidos&#8221;, declara a la AFP Carlos Carcach, investigador del \u00e1rea de pol\u00edticas p\u00fablicas en la Escuela Superior de Econom\u00eda y Negocios.<\/p>\n<p dir=\"ltr\"><strong>&#8220;El principal cumplimiento es el tema de la seguridad, la desarticulaci\u00f3n de las pandillas&#8221;, coincide Carlos Acevedo, expresidente del Banco Central de Reserva.<\/strong><\/p>\n<p dir=\"ltr\">&#8220;Realmente ha generado un nuevo clima donde se comienza a ver una revitalizaci\u00f3n del tejido productivo de microempresas&#8221;, afirma a la AFP.<\/p>\n<p dir=\"ltr\">Las pandillas ocuparon el control del 80% del territorio del pa\u00eds, seg\u00fan el gobierno, y se financiaban con masivas extorsiones, sicariato y tr\u00e1fico de drogas.<\/p>\n<p dir=\"ltr\"><strong>Para combatirlas rige desde hace 14 meses un r\u00e9gimen de excepci\u00f3n que permite a la polic\u00eda y el ej\u00e9rcito hacer arrestos sin orden judicial.<\/strong><\/p>\n<p dir=\"ltr\">La medida fue aprobada por el Congreso a pedido del Bukele, en respuesta a una escalada de violencia pandillera que se cobr\u00f3 la vida de 87 personas.<\/p>\n<p dir=\"ltr\"><strong>Las autoridades han ido liberando barrios y recuperando millas de casas usurpadas por pandilleros.\u00a0Los homicidios cayeron en 2022 a una cuarta parte de la cifra de 2019, seg\u00fan datos oficiales.<\/strong><\/p>\n<p dir=\"ltr\">Amenazada por las pandillas, Cristina Ar\u00e9valo, de 71 a\u00f1os, tuvo que cerrar su peque\u00f1a tienda en la periferia de San Salvador hace unos a\u00f1os, pero ahora piensa reabrirla.<\/p>\n<p dir=\"ltr\">&#8220;Con la seguridad que se vive, pronto reabrir\u00e9, porque ya no me van a extorsionar&#8221;, dice la mujer a la AFP.<\/p>\n<p dir=\"ltr\">Hasta ahora han sido detenidos casi 69.000 presuntos pandilleros, de los cuales unos 5.000 han sido liberados, seg\u00fan el gobierno.<\/p>\n<p dir=\"ltr\"><strong>Para encerrar a los pandilleros, Bukele construy\u00f3 una megac\u00e1rcel para 40.000 presos, la prisi\u00f3n &#8220;m\u00e1s grande de Am\u00e9rica&#8221;, con un severo r\u00e9gimen de reclusi\u00f3n.<\/strong><\/p>\n<p dir=\"ltr\">La ONG Cristosal dijo que hasta abril 153 reclusos aparecieron &#8220;bajo custodia del Estado&#8221;.<\/p>\n<p dir=\"ltr\"><strong>Reelecci\u00f3n\u00a0<\/strong><\/p>\n<p dir=\"ltr\">Publicista de 41 a\u00f1os asiduo a las redes sociales, Bukele enfrenta una oposici\u00f3n casi inexistente desde el &#8220;remez\u00f3n&#8221; de 2019, cuando venci\u00f3 a los candidatos de los partidos tradicionales de derecha e izquierda.<\/p>\n<p dir=\"ltr\">Con apoyo del Congreso, donde posee gran mayor\u00eda, en 2021 destituy\u00f3 a los cinco jueces de la Sala Constitucional de la Corte Suprema, la m\u00e1s alta instancia judicial del pa\u00eds.<\/p>\n<p dir=\"ltr\">Tambi\u00e9n al fiscal general y a un tercio de los 690 jueces (a los mayores de 60 a\u00f1os o con 30 a\u00f1os de servicio).\u00a0Estados Unidos, la ONU y la OEA llamaron entonces a El Salvador a respetar la separaci\u00f3n de poderes.<\/p>\n<p dir=\"ltr\">Adem\u00e1s, Bukele consigui\u00f3 que la Corte Suprema lo habilitara para buscar la reelecci\u00f3n en 2024, aunque la Constituci\u00f3n lo proh\u00edbe, descubriendo un debate sobre si la medida es legal.<\/p>\n<p dir=\"ltr\">&#8220;El gobierno y el presidente tienen todo servido para la reelecci\u00f3n, no solo por el respaldo popular, sino que tiene el control de la mayor\u00eda de la institucionalidad&#8221;, se\u00f1ala a la AFP el vicerrector de la Universidad Centroamericana (UCA), Omar Serrano.<\/p>\n<p dir=\"ltr\">&#8220;Ha sido un gobierno que ha sacudido al pa\u00eds&#8221;, pero que &#8220;se ha llevado por delante muchas cosas, que ha socavado los incipientes avances democr\u00e1ticos que se tienen&#8221;, agrega.<\/p>\n<p dir=\"ltr\">Para Carcach, el costo de contener a las pandillas ha sido el de &#8220;implantar un r\u00e9gimen de excepci\u00f3n que implica la desaparici\u00f3n del estado de derecho y del reino de la constituci\u00f3n&#8221;.<\/p>\n<p dir=\"ltr\">En tanto, el sacerdote jesuita y docente de la UCA Rodolfo Cardenal afirma que en el pa\u00eds se vive &#8220;la negaci\u00f3n del derecho constitucional y los derechos humanos&#8221;.<\/p>\n<p dir=\"ltr\">No se puede &#8220;resolver un crimen cometiendo una serie de violaciones&#8221;, indica.<\/p>\n<p dir=\"ltr\">Los salvadore\u00f1os avalan los m\u00e9todos de Bukele porque &#8220;el pa\u00eds tiene una mentalidad dictatorial y autoritaria desde hace mucho tiempo, y porque piensa que esa es la soluci\u00f3n, pero a largo plazo no se sostiene&#8221;, advierte Cardenal.<\/p>\n<p dir=\"ltr\">Otra medida pol\u00e9mica de Bukele fue la adopci\u00f3n del bitc\u00f3in como moneda de curso legal.<\/p>\n<p dir=\"ltr\">En septiembre de 2021, El Salvador fue el primer pa\u00eds en adoptar el bitc\u00f3in, junto con el d\u00f3lar, que circula desde 2001. Pero la cotizaci\u00f3n de la criptomoneda se desplom\u00f3 y ha tenido poca aceptaci\u00f3n en el pa\u00eds.<\/p>\n<p dir=\"ltr\">La adopci\u00f3n del bitc\u00f3in &#8220;ha sido la medida m\u00e1s impopular y que menos respaldo social ha tenido&#8221;, afirma Serrano, encargado de estudios de opini\u00f3n p\u00fablica de la UCA.\/AFP<\/p>\n<p dir=\"ltr\">EL PRESIDENTE Nayib Bukele, de 45 a\u00f1os, ha hecho de la seguridad su prioridad. As\u00ed y pese a las cr\u00edticas sobre violaciones a los derechos humanos, tiene en la c\u00e1rcel a 69 mil pandilleros.\/Archivo AFP<\/p>\n<p dir=\"ltr\">Fuente y Fotograf\u00eda Elnuevosiglo.com<\/p>\n","protected":false},"excerpt":{"rendered":"<p>CON gran popularidad por su \u201cguerra\u201d contra las pandillas, pero con cr\u00edticas sobre la vigencia de los valores democr\u00e1ticos, el presidente Nayib Bukele cumpli\u00f3 cuatro a\u00f1os en el poder en El Salvador y planea otro per\u00edodo, que se da por descontado conseguir\u00e1. Las encuestas se\u00f1alaron que nueve de cada diez salvadore\u00f1os aprueban la gesti\u00f3n de [&hellip;]<\/p>\n","protected":false},"author":3,"featured_media":46610,"comment_status":"open","ping_status":"open","sticky":false,"template":"","format":"standard","meta":{"footnotes":""},"categories":[168,85,5476],"tags":[5543,19216,19215,19214,3646,19213,5691,654,19075,238,6271],"class_list":["post-46608","post","type-post","status-publish","format-standard","has-post-thumbnail","hentry","category-generales","category-internacional","category-politica","tag-apoyo","tag-arrestos-sin-orden-judicial","tag-ciudadanos","tag-cuatro-anos","tag-el-salvador","tag-guerra-contra-las-pandillas","tag-homicidios","tag-internacional","tag-nayib-bukele","tag-radio-noticias-casanare","tag-reeleccion"],"_links":{"self":[{"href":"https:\/\/radionoticiascasanare.com\/inicio\/wp-json\/wp\/v2\/posts\/46608","targetHints":{"allow":["GET"]}}],"collection":[{"href":"https:\/\/radionoticiascasanare.com\/inicio\/wp-json\/wp\/v2\/posts"}],"about":[{"href":"https:\/\/radionoticiascasanare.com\/inicio\/wp-json\/wp\/v2\/types\/post"}],"author":[{"embeddable":true,"href":"https:\/\/radionoticiascasanare.com\/inicio\/wp-json\/wp\/v2\/users\/3"}],"replies":[{"embeddable":true,"href":"https:\/\/radionoticiascasanare.com\/inicio\/wp-json\/wp\/v2\/comments?post=46608"}],"version-history":[{"count":1,"href":"https:\/\/radionoticiascasanare.com\/inicio\/wp-json\/wp\/v2\/posts\/46608\/revisions"}],"predecessor-version":[{"id":46611,"href":"https:\/\/radionoticiascasanare.com\/inicio\/wp-json\/wp\/v2\/posts\/46608\/revisions\/46611"}],"wp:featuredmedia":[{"embeddable":true,"href":"https:\/\/radionoticiascasanare.com\/inicio\/wp-json\/wp\/v2\/media\/46610"}],"wp:attachment":[{"href":"https:\/\/radionoticiascasanare.com\/inicio\/wp-json\/wp\/v2\/media?parent=46608"}],"wp:term":[{"taxonomy":"category","embeddable":true,"href":"https:\/\/radionoticiascasanare.com\/inicio\/wp-json\/wp\/v2\/categories?post=46608"},{"taxonomy":"post_tag","embeddable":true,"href":"https:\/\/radionoticiascasanare.com\/inicio\/wp-json\/wp\/v2\/tags?post=46608"}],"curies":[{"name":"wp","href":"https:\/\/api.w.org\/{rel}","templated":true}]}}