{"id":47029,"date":"2023-06-30T07:40:51","date_gmt":"2023-06-30T12:40:51","guid":{"rendered":"https:\/\/radionoticiascasanare.com\/inicio\/?p=47029"},"modified":"2023-06-30T07:40:51","modified_gmt":"2023-06-30T12:40:51","slug":"el-proximo-21-de-julio-el-viceministro-de-educacion-preescolar-basica-y-media-estara-en-yopal","status":"publish","type":"post","link":"https:\/\/radionoticiascasanare.com\/inicio\/el-proximo-21-de-julio-el-viceministro-de-educacion-preescolar-basica-y-media-estara-en-yopal\/","title":{"rendered":"El pr\u00f3ximo 21 de julio el viceministro de Educaci\u00f3n Preescolar, B\u00e1sica y Media estar\u00e1 en Yopal\u00a0"},"content":{"rendered":"<p style=\"font-weight: 400;\"><img fetchpriority=\"high\" decoding=\"async\" class=\"size-medium wp-image-47032 alignleft\" src=\"https:\/\/radionoticiascasanare.com\/inicio\/wp-content\/uploads\/2023\/06\/0292-225x300.jpeg\" alt=\"\" width=\"225\" height=\"300\" srcset=\"https:\/\/radionoticiascasanare.com\/inicio\/wp-content\/uploads\/2023\/06\/0292-225x300.jpeg 225w, https:\/\/radionoticiascasanare.com\/inicio\/wp-content\/uploads\/2023\/06\/0292-768x1023.jpeg 768w, https:\/\/radionoticiascasanare.com\/inicio\/wp-content\/uploads\/2023\/06\/0292-1153x1536.jpeg 1153w, https:\/\/radionoticiascasanare.com\/inicio\/wp-content\/uploads\/2023\/06\/0292.jpeg 1200w\" sizes=\"(max-width: 225px) 100vw, 225px\" \/>Durante este encuentro de Secretarios de Educaci\u00f3n del pa\u00eds, se convers\u00f3 con la Ministra de Aurora Vergara, sobre las distintas l\u00edneas de desarrollo del sector educativo, desde la \u00f3ptica del gobierno `Colombia Potencia de la Vida`, que permitir\u00e1 saber a ciencia cierta cu\u00e1l ser\u00e1 el aporte que el Gobierno del Presidente Petro dar\u00e1 a la educaci\u00f3n preescolar, b\u00e1sica y media, etapa en la que se reconocen las habilidades y capacidades de los ni\u00f1@s y j\u00f3venes, para enfrentar y descubrir el mundo que los rodea.<\/p>\n<p style=\"font-weight: 400;\">Fue en este escenario en donde Jos\u00e9 H P\u00e9rez Malpica, secretario de Educaci\u00f3n de Yopal, \u00a0logr\u00f3 conversar con los Ministros de Educaci\u00f3n Aurora Vergara; de Cultura Jorge Zorro y\u00a0 la viceministra\u00a0 de las TIC, Sindey Bernal. A todos los funcionarios del alto gobierno se les extendi\u00f3 la invitaci\u00f3n a visitar Yopal, para realizar una mesa de trabajo conjunta por la Educaci\u00f3n y aceptaron.\u00a0 La actual labor est\u00e1 centrada en poder concretar la fecha del encuentro en la capital del departamento.<\/p>\n<p style=\"font-weight: 400;\">Sin embargo, quien confirm\u00f3 inmediatamente su participaci\u00f3n fue el viceministro de Educaci\u00f3n Preescolar, B\u00e1sica y Media, \u00d3scar S\u00e1nchez, a quien el secretario P\u00e9rez Malpica, le explic\u00f3 \u00a0las dificultades que se registran en la infraestructura de 89 sedes educativas que requieren inversi\u00f3n, esto pese a los 7.000 millones de pesos que la Secretar\u00eda de Educaci\u00f3n le transfiri\u00f3 a las 24\u00a0 instituciones educativas, para ejecutar obras de mantenimiento que a bien tuvieron priorizar los rectores de cada centro educativo.<\/p>\n<p style=\"font-weight: 400;\">La infraestructura educativa es apenas una de las dificultades que se tienen en educaci\u00f3n, pero tambi\u00e9n faltan recursos para transporte escolar; se requieren por lo menos 40 docentes de planta; se necesita actualizar la tecnolog\u00eda en equipos de c\u00f3mputo de las instituciones educativas y en general, se necesita que se ajuste el pago que el Ministerio hace por cada estudiante, debido a que tenemos una inequidad de cerca de un mill\u00f3n\u00a0 de pesos en lo que transfiere el Ministerio de Educaci\u00f3n por estudiante a Yopal, frente a otras entidades territoriales como Tunja que tiene condiciones similares a las de la capital de Casanare.<\/p>\n<p style=\"font-weight: 400;\"><strong>Conclusiones \u00a0Encuentro Secretarios del pa\u00eds<\/strong><\/p>\n<p style=\"font-weight: 400;\">La apuesta del Gobierno Nacional para lograr una educaci\u00f3n que brinde mejores oportunidades y m\u00e1s equitativas, se fundamenta en 6 apuestas clave:<\/p>\n<p style=\"font-weight: 400;\">o\u00a0\u00a0\u00a0Formaci\u00f3n integral y educaci\u00f3n CRESE: Resignificaci\u00f3n de la jornada escolar para garantizar que la formaci\u00f3n integral se refleje en formaci\u00f3n art\u00edstica, deportiva, tecnol\u00f3gica, cient\u00edfica y con desarrollo de competencias y capacidades ciudadanas, para la reconciliaci\u00f3n, socioemocional, antirracista y para el cambio clim\u00e1tico.<\/p>\n<p style=\"font-weight: 400;\">o\u00a0\u00a0\u00a0Educaci\u00f3n inicial en el marco de la atenci\u00f3n integral a la primera infancia para una infancia feliz, protegida y construir una generaci\u00f3n de paz: Universalidad de la atenci\u00f3n integral para pasar de 1.9 millones a tener 2.7 millones de ni\u00f1os y ni\u00f1as atendidos, y ampliar la cobertura para que los menores de 3 a 5 a\u00f1os transiten al sistema educativo escolar.<\/p>\n<p style=\"font-weight: 400;\">o\u00a0\u00a0\u00a0Sistemas regionales para el fortalecimiento de la educaci\u00f3n media y tr\u00e1nsito a la educaci\u00f3n superior: Transformaci\u00f3n curricular de la educaci\u00f3n media para una formaci\u00f3n integral, que atienda los intereses y necesidades de los j\u00f3venes.<\/p>\n<p style=\"font-weight: 400;\">o\u00a0\u00a0\u00a0Nuevo plan de espacios educativos, tanto para educaci\u00f3n b\u00e1sica como para sedes universitarias: Buscar la equidad territorial, promoviendo las condiciones de acceso y permanencia, con \u00e9nfasis en las poblaciones de mayor necesidad.<\/p>\n<p style=\"font-weight: 400;\">o\u00a0\u00a0\u00a0Poder pedag\u00f3gico popular: Dignificaci\u00f3n de la labor docente, ya que son agentes de cambio en el territorio. Reconocer a las maestras y maestros como l\u00edderes de la transformaci\u00f3n social, intelectuales de sus comunidades, constructores de paz en medio de la guerra, motor de la movilidad social y en especial, a las mujeres, maestras resilientes.<\/p>\n<p style=\"font-weight: 400;\">o\u00a0\u00a0\u00a0Educaciones rurales, propias e interculturales: Continuar con la implementaci\u00f3n del Plan Especial de Educaci\u00f3n Rural (PEER) y dar \u00e9nfasis en la implementaci\u00f3n de los compromisos educativos incluidos en los programas de Desarrollo con Enfoque Territorial (PDET).<\/p>\n<p style=\"font-weight: 400;\">Fuente y Fotograf\u00eda Alcald\u00eda de Yopal<\/p>\n","protected":false},"excerpt":{"rendered":"<p>Durante este encuentro de Secretarios de Educaci\u00f3n del pa\u00eds, se convers\u00f3 con la Ministra de Aurora Vergara, sobre las distintas l\u00edneas de desarrollo del sector educativo, desde la \u00f3ptica del gobierno `Colombia Potencia de la Vida`, que permitir\u00e1 saber a ciencia cierta cu\u00e1l ser\u00e1 el aporte que el Gobierno del Presidente Petro dar\u00e1 a la [&hellip;]<\/p>\n","protected":false},"author":3,"featured_media":47032,"comment_status":"open","ping_status":"open","sticky":false,"template":"","format":"standard","meta":{"footnotes":""},"categories":[2,6171,8492,8493,132,9680],"tags":[19406,237,3,19407,238,11028,394,16],"class_list":["post-47029","post","type-post","status-publish","format-standard","has-post-thumbnail","hentry","category-casanare","category-educacion","category-noticias-casanare","category-noticias-de-casanare","category-orinoquia","category-region","tag-21-de-julio","tag-alcaldia-de-yopal","tag-casanare","tag-colombia-potencia-de-la-vida","tag-radio-noticias-casanare","tag-viceministro-de-educacion","tag-visita","tag-yopal"],"_links":{"self":[{"href":"https:\/\/radionoticiascasanare.com\/inicio\/wp-json\/wp\/v2\/posts\/47029","targetHints":{"allow":["GET"]}}],"collection":[{"href":"https:\/\/radionoticiascasanare.com\/inicio\/wp-json\/wp\/v2\/posts"}],"about":[{"href":"https:\/\/radionoticiascasanare.com\/inicio\/wp-json\/wp\/v2\/types\/post"}],"author":[{"embeddable":true,"href":"https:\/\/radionoticiascasanare.com\/inicio\/wp-json\/wp\/v2\/users\/3"}],"replies":[{"embeddable":true,"href":"https:\/\/radionoticiascasanare.com\/inicio\/wp-json\/wp\/v2\/comments?post=47029"}],"version-history":[{"count":1,"href":"https:\/\/radionoticiascasanare.com\/inicio\/wp-json\/wp\/v2\/posts\/47029\/revisions"}],"predecessor-version":[{"id":47034,"href":"https:\/\/radionoticiascasanare.com\/inicio\/wp-json\/wp\/v2\/posts\/47029\/revisions\/47034"}],"wp:featuredmedia":[{"embeddable":true,"href":"https:\/\/radionoticiascasanare.com\/inicio\/wp-json\/wp\/v2\/media\/47032"}],"wp:attachment":[{"href":"https:\/\/radionoticiascasanare.com\/inicio\/wp-json\/wp\/v2\/media?parent=47029"}],"wp:term":[{"taxonomy":"category","embeddable":true,"href":"https:\/\/radionoticiascasanare.com\/inicio\/wp-json\/wp\/v2\/categories?post=47029"},{"taxonomy":"post_tag","embeddable":true,"href":"https:\/\/radionoticiascasanare.com\/inicio\/wp-json\/wp\/v2\/tags?post=47029"}],"curies":[{"name":"wp","href":"https:\/\/api.w.org\/{rel}","templated":true}]}}