{"id":47281,"date":"2023-07-19T07:56:17","date_gmt":"2023-07-19T12:56:17","guid":{"rendered":"https:\/\/radionoticiascasanare.com\/inicio\/?p=47281"},"modified":"2023-07-19T07:56:17","modified_gmt":"2023-07-19T12:56:17","slug":"colombia-quiere-mostrar-su-crecimiento-en-el-mundial-femenino","status":"publish","type":"post","link":"https:\/\/radionoticiascasanare.com\/inicio\/colombia-quiere-mostrar-su-crecimiento-en-el-mundial-femenino\/","title":{"rendered":"Colombia quiere mostrar su crecimiento en el Mundial femenino"},"content":{"rendered":"<figure id=\"attachment_47283\" aria-describedby=\"caption-attachment-47283\" style=\"width: 310px\" class=\"wp-caption alignleft\"><img fetchpriority=\"high\" decoding=\"async\" class=\" wp-image-47283\" src=\"https:\/\/radionoticiascasanare.com\/inicio\/wp-content\/uploads\/2023\/07\/12bifoto-deportes-contra-julio-19-300x185.jpg\" alt=\"\" width=\"310\" height=\"191\" srcset=\"https:\/\/radionoticiascasanare.com\/inicio\/wp-content\/uploads\/2023\/07\/12bifoto-deportes-contra-julio-19-300x185.jpg 300w, https:\/\/radionoticiascasanare.com\/inicio\/wp-content\/uploads\/2023\/07\/12bifoto-deportes-contra-julio-19.jpg 730w\" sizes=\"(max-width: 310px) 100vw, 310px\" \/><figcaption id=\"caption-attachment-47283\" class=\"wp-caption-text\">Elnuevosiglo.com<\/figcaption><\/figure>\n<p dir=\"ltr\"><strong>Colombia quiere poner de manifiesto el crecimiento de su f\u00fatbol femenino cuando se mida a sus rivales del Grupo H del Mundial femenino, incluyendo a la potencia Alemania.<\/strong><\/p>\n<p dir=\"ltr\">Las \u2018Chicas Superpoderosas\u2019 llegan al torneo de Australia y Nueva Zelanda, que se extiende desde ma\u00f1ana hasta el 20 de agosto, animadas por el subcampeonato alcanzado en la \u00faltima Copa Am\u00e9rica, cuando pusieron contra las cuerdas a la campeona Brasil.<\/p>\n<p dir=\"ltr\"><strong>Completan el Grupo H Corea del Sur y Marruecos, que debuta en una justa mundialista.<\/strong><\/p>\n<p dir=\"ltr\">El entrenador nacional, Nelson Abad\u00eda, contar\u00e1 con un plantel que combina la experiencia de la goleadora hist\u00f3rica Catalina Usme con el talento de Leicy Santos, del Atl\u00e9tico de Madrid, y la prometedora Linda Caicedo, reci\u00e9n fichada por el Real Madrid a sus 18 a\u00f1os.<\/p>\n<p dir=\"ltr\"><strong>Abad\u00eda est\u00e1 convencido de que el f\u00fatbol femenino colombiano ha crecido desde su debut mundialista en 2011, cuando sali\u00f3 de la fase de grupos sin un solo gol anotado.<\/strong><\/p>\n<p>&nbsp;<\/p>\n<p dir=\"ltr\">\u201cEste crecimiento que ha tenido el f\u00fatbol nuestro es producto de todo lo que ellas han hecho a trav\u00e9s del tiempo\u201d en selecciones, afirm\u00f3 Abad\u00eda. \u201cSon nuevas vivencias, otras experiencias\u201d.<\/p>\n<p dir=\"ltr\">Pero las favoritas de lejos para ganar el Grupo H son las alemanas, aspirantes a disputar el t\u00edtulo en el torneo de Australia y Nueva Zelanda.<\/p>\n<p dir=\"ltr\">Despu\u00e9s de perder la final ante Inglaterra en la Eurocopa del a\u00f1o pasado, Alemania derrot\u00f3 en amistosos a Estados Unidos y Francia, otras dos selecciones aspirantes a alzar la copa, aunque perdi\u00f3 un amistoso con Brasil.<\/p>\n<p dir=\"ltr\"><strong>Con menos expectativas llega Corea del Sur, subcampeona de la Copa Asi\u00e1tica del a\u00f1o pasado despu\u00e9s de perder la final ante China.<\/strong><\/p>\n<p dir=\"ltr\">De la mano de su volante creativa Ji So-yun, quien estuvo ocho a\u00f1os en el Chelsea antes de volver a la liga de su pa\u00eds, las surcoreanas aspiran a superar la fase de grupos mundialista por segunda vez.<\/p>\n<p dir=\"ltr\">El combinado asi\u00e1tico es dirigido por el ingl\u00e9s Colin Bell, quien lleva un equipo formado principalmente por jugadoras del torneo local.<\/p>\n<p dir=\"ltr\">Una situaci\u00f3n similar viven las debutantes mundialistas de Marruecos, comandadas por el entrenador franc\u00e9s Reynald Pedros, quien tiene a su haber dos Champions League y dos campeonatos franceses al frente del Olympique de Lyon.<\/p>\n<p dir=\"ltr\">Arrancan su participaci\u00f3n entre los \u00faltimos puestos del ranking FIFA, pero la estrella y capitana del equipo, Ghizlane Chebbak, aclar\u00f3 que su equipo no va al Mundial \u201ca ajustar los n\u00fameros\u201d, sino a competir.<\/p>\n<p dir=\"ltr\">Y a las puertas de que empiece a rodar el bal\u00f3n, la FIFA record\u00f3 que la Tricolor consigui\u00f3 el triunfo m\u00e1s importante en su historia y avanz\u00f3 a los octavos de final de la edici\u00f3n disputada en Canad\u00e1.<\/p>\n<p dir=\"ltr\">\u201cNo era un partido sencillo. Tampoco se trataba de uno m\u00e1s. La Selecci\u00f3n Colombia femenina no hab\u00eda ganado ning\u00fan partido en la historia de la Copa Mundial. En la edici\u00f3n del 2015, en Canad\u00e1, llegaba con un empate ante M\u00e9xico en el debut y, contra Francia, se med\u00eda ante uno de los rivales m\u00e1s complejos. Y ah\u00ed se produjo la gloria\u201d, se\u00f1al\u00f3 en su portal Web.<\/p>\n<p dir=\"ltr\">Explic\u00f3 que fue un partido en el que sali\u00f3 todo bien. En el aspecto ofensivo, el equipo gener\u00f3 peligro y tuvo la buena fortuna de abrir el marcador con velocidad, con un tanto de Lady Andrade. Luego, hubo un poco de todo. Resistencia, contraataques y buen rendimiento defensivo.<\/p>\n<p dir=\"ltr\">Sobre el final del partido, la hist\u00f3rica Catalina Usme sentenci\u00f3 la historia para conseguir un glorioso 2 a 0 para Colombia. La Tricolor perder\u00eda el tercer partido del Grupo ante Inglaterra, por 2 a 1, pero avanzar\u00eda a los octavos de final. En esa instancia, le hizo un dign\u00edsimo partido a Estados Unidos, futuro campe\u00f3n, pero no le alcanz\u00f3. Fue derrota por 2 a 0 que deriv\u00f3 en la mejor actuaci\u00f3n hist\u00f3rica del equipo.<\/p>\n<p dir=\"ltr\">Para el torneo que se disputar\u00e1 en Australia y Nueva Zelanda, la Tricolor debutar\u00e1 el martes 25 de julio enfrentando a la Rep\u00fablica de Corea, 12:00 (hora local) 9:00 (hora Colombia), en el estadio de F\u00fatbol de Sidney.<\/p>\n<p dir=\"ltr\">La segunda salida ser\u00e1 el domingo 30 de julio haciendo frente a Alemania vs Colombia, estadio de F\u00fatbol de Sidney.<\/p>\n<p dir=\"ltr\">El tercer juego ser\u00e1 el jueves 3 de agosto, cuando se medir\u00e1 con Marruecos en el estadio Rectangular de Perth.<\/p>\n<p dir=\"ltr\">Luego del sorteo realizado en octubre del 2022, el calendario, los partidos y los cruces quedaron confirmados, con la fase de grupos como primer gran objetivo de las 32 Selecciones. Conformado por ocho zonas de cuatro equipos, 16 pa\u00edses buscar\u00e1n avanzar a los octavos de final.\/ENS-AF<\/p>\n<p dir=\"ltr\">Fuente y Fotograf\u00eda Elnuevosiglo.com<\/p>\n","protected":false},"excerpt":{"rendered":"<p>Colombia quiere poner de manifiesto el crecimiento de su f\u00fatbol femenino cuando se mida a sus rivales del Grupo H del Mundial femenino, incluyendo a la potencia Alemania. Las \u2018Chicas Superpoderosas\u2019 llegan al torneo de Australia y Nueva Zelanda, que se extiende desde ma\u00f1ana hasta el 20 de agosto, animadas por el subcampeonato alcanzado en [&hellip;]<\/p>\n","protected":false},"author":3,"featured_media":47283,"comment_status":"open","ping_status":"open","sticky":false,"template":"","format":"standard","meta":{"footnotes":""},"categories":[56,168,85],"tags":[19524,200,5878,654,17255,238,19525],"class_list":["post-47281","post","type-post","status-publish","format-standard","has-post-thumbnail","hentry","category-deportes","category-generales","category-internacional","tag-chicas-superpoderosas","tag-copa-america","tag-futbol-femenino","tag-internacional","tag-mundial-femenino","tag-radio-noticias-casanare","tag-torneo-de-australia-y-nueva-zelanda"],"_links":{"self":[{"href":"https:\/\/radionoticiascasanare.com\/inicio\/wp-json\/wp\/v2\/posts\/47281","targetHints":{"allow":["GET"]}}],"collection":[{"href":"https:\/\/radionoticiascasanare.com\/inicio\/wp-json\/wp\/v2\/posts"}],"about":[{"href":"https:\/\/radionoticiascasanare.com\/inicio\/wp-json\/wp\/v2\/types\/post"}],"author":[{"embeddable":true,"href":"https:\/\/radionoticiascasanare.com\/inicio\/wp-json\/wp\/v2\/users\/3"}],"replies":[{"embeddable":true,"href":"https:\/\/radionoticiascasanare.com\/inicio\/wp-json\/wp\/v2\/comments?post=47281"}],"version-history":[{"count":1,"href":"https:\/\/radionoticiascasanare.com\/inicio\/wp-json\/wp\/v2\/posts\/47281\/revisions"}],"predecessor-version":[{"id":47284,"href":"https:\/\/radionoticiascasanare.com\/inicio\/wp-json\/wp\/v2\/posts\/47281\/revisions\/47284"}],"wp:featuredmedia":[{"embeddable":true,"href":"https:\/\/radionoticiascasanare.com\/inicio\/wp-json\/wp\/v2\/media\/47283"}],"wp:attachment":[{"href":"https:\/\/radionoticiascasanare.com\/inicio\/wp-json\/wp\/v2\/media?parent=47281"}],"wp:term":[{"taxonomy":"category","embeddable":true,"href":"https:\/\/radionoticiascasanare.com\/inicio\/wp-json\/wp\/v2\/categories?post=47281"},{"taxonomy":"post_tag","embeddable":true,"href":"https:\/\/radionoticiascasanare.com\/inicio\/wp-json\/wp\/v2\/tags?post=47281"}],"curies":[{"name":"wp","href":"https:\/\/api.w.org\/{rel}","templated":true}]}}