{"id":48020,"date":"2023-09-05T06:39:20","date_gmt":"2023-09-05T11:39:20","guid":{"rendered":"https:\/\/radionoticiascasanare.com\/inicio\/?p=48020"},"modified":"2023-09-05T06:39:20","modified_gmt":"2023-09-05T11:39:20","slug":"organizacion-que-entrega-el-premio-a-mejor-gobernante-se-encuentra-en-casanare-para-conocer-la-gestion-del-gobernador","status":"publish","type":"post","link":"https:\/\/radionoticiascasanare.com\/inicio\/organizacion-que-entrega-el-premio-a-mejor-gobernante-se-encuentra-en-casanare-para-conocer-la-gestion-del-gobernador\/","title":{"rendered":"Organizaci\u00f3n que entrega el &#8216;premio a Mejor Gobernante&#8217;, se encuentra en Casanare para conocer la gesti\u00f3n del Gobernador\u00a0\u00a0"},"content":{"rendered":"<p style=\"font-weight: 400;\"><img fetchpriority=\"high\" decoding=\"async\" class=\"size-medium wp-image-48027 alignleft\" src=\"https:\/\/radionoticiascasanare.com\/inicio\/wp-content\/uploads\/2023\/09\/Premio-Mejor-Gobernante-4-300x200.jpeg\" alt=\"\" width=\"300\" height=\"200\" srcset=\"https:\/\/radionoticiascasanare.com\/inicio\/wp-content\/uploads\/2023\/09\/Premio-Mejor-Gobernante-4-300x200.jpeg 300w, https:\/\/radionoticiascasanare.com\/inicio\/wp-content\/uploads\/2023\/09\/Premio-Mejor-Gobernante-4-768x512.jpeg 768w, https:\/\/radionoticiascasanare.com\/inicio\/wp-content\/uploads\/2023\/09\/Premio-Mejor-Gobernante-4.jpeg 1024w\" sizes=\"(max-width: 300px) 100vw, 300px\" \/>El Gobernador Salom\u00f3n Sanabria est\u00e1 cada vez m\u00e1s cerca del \u201cPremio a Mejor Gobernante\u201d del pa\u00eds, desde este lunes el mandatario recibi\u00f3 la visita de Colombia L\u00edder, organizaci\u00f3n que lleg\u00f3 hasta Casanare para continuar con el proceso de capacitaci\u00f3n y evaluaci\u00f3n de la gesti\u00f3n departamental, periodo 2020-2023.<\/p>\n<p style=\"font-weight: 400;\">En su primer d\u00eda en Casanare, el ingeniero Salom\u00f3n dio a conocer los proyectos de impacto, las inversiones y gestiones que ha realizado en los 19 municipios del departamento y realiz\u00f3 un recorrido con la comitiva por la urbanizaci\u00f3n \u201cLas Mariselas\u201d de Yopal, catalogado por el Ministerio de Vivienda, Ciudad y Territorio como uno de los mejores proyectos de vivienda de inter\u00e9s social en el pa\u00eds, por sus terminados, acabados, ascensor panor\u00e1mico, zonas verdes, parqueaderos y equipamientos.<\/p>\n<p style=\"font-weight: 400;\">As\u00ed mismo, visitaron la construcci\u00f3n de la sede del SENA de Yopal, que est\u00e1 llegando al 80% de ejecuci\u00f3n y acoger\u00e1 aproximadamente a 10.000 estudiantes.<\/p>\n<p style=\"font-weight: 400;\"><strong>Alcaldes en la lista de nominados<\/strong><\/p>\n<p style=\"font-weight: 400;\">En la lista de los nominados en distintas categor\u00edas del \u201cPremio Mejores Gobernantes\u201d, se encuentran los mandatarios de los municipios de Sabanalarga, San Luis de Palenque, Monterrey, Orocu\u00e9, Tauramena y Villanueva, quienes tambi\u00e9n socializaron con Colombia L\u00edder las gestiones ejecutadas en beneficio de las comunidades como parte del proceso evaluativo.<\/p>\n<p style=\"font-weight: 400;\">El equipo de Colombia L\u00edder continuar\u00e1 su estad\u00eda en Casanare visitando los proyectos de impacto de estos seis municipios que han entrado a la lista de seleccionados.<\/p>\n<p style=\"font-weight: 400;\">Cabe recordar que el \u201cPremio a Mejor Gobernante\u201d ser\u00e1 otorgado el pr\u00f3ximo 13 de diciembre y que de aqu\u00ed a la fecha todos los nominados participar\u00e1n en distintas etapas de clasificaci\u00f3n.<\/p>\n<p>Fuente y Fotograf\u00eda Gobernaci\u00f3n de Casanare<\/p>\n","protected":false},"excerpt":{"rendered":"<p>El Gobernador Salom\u00f3n Sanabria est\u00e1 cada vez m\u00e1s cerca del \u201cPremio a Mejor Gobernante\u201d del pa\u00eds, desde este lunes el mandatario recibi\u00f3 la visita de Colombia L\u00edder, organizaci\u00f3n que lleg\u00f3 hasta Casanare para continuar con el proceso de capacitaci\u00f3n y evaluaci\u00f3n de la gesti\u00f3n departamental, periodo 2020-2023. En su primer d\u00eda en Casanare, el ingeniero [&hellip;]<\/p>\n","protected":false},"author":3,"featured_media":48027,"comment_status":"open","ping_status":"open","sticky":false,"template":"","format":"standard","meta":{"footnotes":""},"categories":[2,66,8492,8493,132,9680],"tags":[3,19886,2807,332,16280,19885,238,637],"class_list":["post-48020","post","type-post","status-publish","format-standard","has-post-thumbnail","hentry","category-casanare","category-destacadas","category-noticias-casanare","category-noticias-de-casanare","category-orinoquia","category-region","tag-casanare","tag-colombia-lider","tag-gestion","tag-gobernacion-de-casanare","tag-las-mariselas","tag-premio-al-mejor-gobernante","tag-radio-noticias-casanare","tag-sena"],"_links":{"self":[{"href":"https:\/\/radionoticiascasanare.com\/inicio\/wp-json\/wp\/v2\/posts\/48020","targetHints":{"allow":["GET"]}}],"collection":[{"href":"https:\/\/radionoticiascasanare.com\/inicio\/wp-json\/wp\/v2\/posts"}],"about":[{"href":"https:\/\/radionoticiascasanare.com\/inicio\/wp-json\/wp\/v2\/types\/post"}],"author":[{"embeddable":true,"href":"https:\/\/radionoticiascasanare.com\/inicio\/wp-json\/wp\/v2\/users\/3"}],"replies":[{"embeddable":true,"href":"https:\/\/radionoticiascasanare.com\/inicio\/wp-json\/wp\/v2\/comments?post=48020"}],"version-history":[{"count":1,"href":"https:\/\/radionoticiascasanare.com\/inicio\/wp-json\/wp\/v2\/posts\/48020\/revisions"}],"predecessor-version":[{"id":48029,"href":"https:\/\/radionoticiascasanare.com\/inicio\/wp-json\/wp\/v2\/posts\/48020\/revisions\/48029"}],"wp:featuredmedia":[{"embeddable":true,"href":"https:\/\/radionoticiascasanare.com\/inicio\/wp-json\/wp\/v2\/media\/48027"}],"wp:attachment":[{"href":"https:\/\/radionoticiascasanare.com\/inicio\/wp-json\/wp\/v2\/media?parent=48020"}],"wp:term":[{"taxonomy":"category","embeddable":true,"href":"https:\/\/radionoticiascasanare.com\/inicio\/wp-json\/wp\/v2\/categories?post=48020"},{"taxonomy":"post_tag","embeddable":true,"href":"https:\/\/radionoticiascasanare.com\/inicio\/wp-json\/wp\/v2\/tags?post=48020"}],"curies":[{"name":"wp","href":"https:\/\/api.w.org\/{rel}","templated":true}]}}