{"id":48216,"date":"2023-09-15T06:07:15","date_gmt":"2023-09-15T11:07:15","guid":{"rendered":"https:\/\/radionoticiascasanare.com\/inicio\/?p=48216"},"modified":"2023-09-15T06:07:15","modified_gmt":"2023-09-15T11:07:15","slug":"administracion-municipal-sostuvo-encuentro-con-las-personas-habilitadas-para-recibir-los-subsidios-economicos-de-vivienda","status":"publish","type":"post","link":"https:\/\/radionoticiascasanare.com\/inicio\/administracion-municipal-sostuvo-encuentro-con-las-personas-habilitadas-para-recibir-los-subsidios-economicos-de-vivienda\/","title":{"rendered":"Administraci\u00f3n municipal sostuvo encuentro con las personas habilitadas para recibir los subsidios econ\u00f3micos de vivienda\u00a0"},"content":{"rendered":"<p style=\"font-weight: 400;\"><img fetchpriority=\"high\" decoding=\"async\" class=\"size-medium wp-image-48217 alignleft\" src=\"https:\/\/radionoticiascasanare.com\/inicio\/wp-content\/uploads\/2023\/09\/C.-372-2-300x169.jpeg\" alt=\"\" width=\"300\" height=\"169\" srcset=\"https:\/\/radionoticiascasanare.com\/inicio\/wp-content\/uploads\/2023\/09\/C.-372-2-300x169.jpeg 300w, https:\/\/radionoticiascasanare.com\/inicio\/wp-content\/uploads\/2023\/09\/C.-372-2-1024x576.jpeg 1024w, https:\/\/radionoticiascasanare.com\/inicio\/wp-content\/uploads\/2023\/09\/C.-372-2-768x432.jpeg 768w, https:\/\/radionoticiascasanare.com\/inicio\/wp-content\/uploads\/2023\/09\/C.-372-2.jpeg 1280w\" sizes=\"(max-width: 300px) 100vw, 300px\" \/>La pol\u00edtica p\u00fablica de vivienda sigue dando resultados, en esta oportunidad sostuvimos encuentro con los m\u00e1s de 60 habilitados en el marco de la convocatoria p\u00fablica de vivienda para apoyo econ\u00f3mico.<\/p>\n<p style=\"font-weight: 400;\">Durante la reuni\u00f3n, socializamos los aspectos a tener en cuenta y los pasos a seguir para tener un acceso satisfactorio al subsidio bajo esta modalidad.<\/p>\n<p style=\"font-weight: 400;\">Somos una administraci\u00f3n comprometida con la comunidad, seguimos cumpliendo y ejecutando acciones que perdurar\u00e1n en la historia del municipio, ya que, nunca se hab\u00eda realizado una convocatoria de apoyo econ\u00f3mico para adquisici\u00f3n de vivienda nueva en el municipio, lo que permite brindar soluci\u00f3n de vivienda entretanto, a j\u00f3venes; madres cabeza de hogar, mujeres, discapacitados, afro y terceras edades.<\/p>\n<p style=\"font-weight: 400;\">Una vez m\u00e1s, es gratificante compartir con los yopale\u00f1os so\u00f1adores y a\u00fan m\u00e1s, ayudarlos a consolidar esos grandes anhelos, \u00a1gracias Yopal!<\/p>\n<p style=\"font-weight: 400;\">Fuente y Fotograf\u00eda Alcald\u00eda de Yopal<\/p>\n","protected":false},"excerpt":{"rendered":"<p>La pol\u00edtica p\u00fablica de vivienda sigue dando resultados, en esta oportunidad sostuvimos encuentro con los m\u00e1s de 60 habilitados en el marco de la convocatoria p\u00fablica de vivienda para apoyo econ\u00f3mico. Durante la reuni\u00f3n, socializamos los aspectos a tener en cuenta y los pasos a seguir para tener un acceso satisfactorio al subsidio bajo esta [&hellip;]<\/p>\n","protected":false},"author":3,"featured_media":48217,"comment_status":"open","ping_status":"open","sticky":false,"template":"","format":"standard","meta":{"footnotes":""},"categories":[2,66,8492,8493,132,9680],"tags":[237,3,10745,19971,238,2153,236,16],"class_list":["post-48216","post","type-post","status-publish","format-standard","has-post-thumbnail","hentry","category-casanare","category-destacadas","category-noticias-casanare","category-noticias-de-casanare","category-orinoquia","category-region","tag-alcaldia-de-yopal","tag-casanare","tag-economicos","tag-habilitadas","tag-radio-noticias-casanare","tag-subsidios","tag-vivienda","tag-yopal"],"_links":{"self":[{"href":"https:\/\/radionoticiascasanare.com\/inicio\/wp-json\/wp\/v2\/posts\/48216","targetHints":{"allow":["GET"]}}],"collection":[{"href":"https:\/\/radionoticiascasanare.com\/inicio\/wp-json\/wp\/v2\/posts"}],"about":[{"href":"https:\/\/radionoticiascasanare.com\/inicio\/wp-json\/wp\/v2\/types\/post"}],"author":[{"embeddable":true,"href":"https:\/\/radionoticiascasanare.com\/inicio\/wp-json\/wp\/v2\/users\/3"}],"replies":[{"embeddable":true,"href":"https:\/\/radionoticiascasanare.com\/inicio\/wp-json\/wp\/v2\/comments?post=48216"}],"version-history":[{"count":1,"href":"https:\/\/radionoticiascasanare.com\/inicio\/wp-json\/wp\/v2\/posts\/48216\/revisions"}],"predecessor-version":[{"id":48218,"href":"https:\/\/radionoticiascasanare.com\/inicio\/wp-json\/wp\/v2\/posts\/48216\/revisions\/48218"}],"wp:featuredmedia":[{"embeddable":true,"href":"https:\/\/radionoticiascasanare.com\/inicio\/wp-json\/wp\/v2\/media\/48217"}],"wp:attachment":[{"href":"https:\/\/radionoticiascasanare.com\/inicio\/wp-json\/wp\/v2\/media?parent=48216"}],"wp:term":[{"taxonomy":"category","embeddable":true,"href":"https:\/\/radionoticiascasanare.com\/inicio\/wp-json\/wp\/v2\/categories?post=48216"},{"taxonomy":"post_tag","embeddable":true,"href":"https:\/\/radionoticiascasanare.com\/inicio\/wp-json\/wp\/v2\/tags?post=48216"}],"curies":[{"name":"wp","href":"https:\/\/api.w.org\/{rel}","templated":true}]}}