{"id":48721,"date":"2023-10-12T14:21:23","date_gmt":"2023-10-12T19:21:23","guid":{"rendered":"https:\/\/radionoticiascasanare.com\/inicio\/?p=48721"},"modified":"2023-10-12T14:21:23","modified_gmt":"2023-10-12T19:21:23","slug":"murio-luis-alfredo-garavito-asesino-y-violador-de-ninos-en-colombia","status":"publish","type":"post","link":"https:\/\/radionoticiascasanare.com\/inicio\/murio-luis-alfredo-garavito-asesino-y-violador-de-ninos-en-colombia\/","title":{"rendered":"Muri\u00f3 Luis Alfredo Garavito, asesino y violador de ni\u00f1os en Colombia"},"content":{"rendered":"<div class=\"field__item\">\n<div class=\"paragraph paragraph--type--free-text paragraph--view-mode--default\">\n<div class=\"clearfix text-formatted field field--name-field-free-text field--type-text-long field--label-hidden field__item\">\n<figure id=\"attachment_48722\" aria-describedby=\"caption-attachment-48722\" style=\"width: 300px\" class=\"wp-caption alignleft\"><img decoding=\"async\" class=\"size-medium wp-image-48722\" src=\"https:\/\/radionoticiascasanare.com\/inicio\/wp-content\/uploads\/2023\/10\/garavitoi-300x158.jpg\" alt=\"\" width=\"300\" height=\"158\" srcset=\"https:\/\/radionoticiascasanare.com\/inicio\/wp-content\/uploads\/2023\/10\/garavitoi-300x158.jpg 300w, https:\/\/radionoticiascasanare.com\/inicio\/wp-content\/uploads\/2023\/10\/garavitoi-1024x538.jpg 1024w, https:\/\/radionoticiascasanare.com\/inicio\/wp-content\/uploads\/2023\/10\/garavitoi-768x403.jpg 768w, https:\/\/radionoticiascasanare.com\/inicio\/wp-content\/uploads\/2023\/10\/garavitoi.jpg 1038w\" sizes=\"(max-width: 300px) 100vw, 300px\" \/><figcaption id=\"caption-attachment-48722\" class=\"wp-caption-text\">elnuevosiglo.com<\/figcaption><\/figure>\n<p><strong>Luis Alfredo Garavito, asesino y violador de m\u00e1s de 200 ni\u00f1os en Colombia, muri\u00f3 a los 66 a\u00f1os este jueves, seg\u00fan confirm\u00f3 el Instituto Nacional Penitenciario\u00a0(Inpec).<\/strong><\/p>\n<p>El tambi\u00e9n conocido como &#8216;La Bestia&#8217;\u00a0fue condenado a 40 a\u00f1os de prisi\u00f3n por\u00a0acto sexual violento, homicidio, acceso carnal violento,\u00a0secuestro simple, e\u00a0incendio culposo.<\/p>\n<p>Garavito se encontraba recluido\u00a0<strong>en la c\u00e1rcel de m\u00e1xima seguridad de Valledupar, despu\u00e9s de padecer varios a\u00f1os c\u00e1ncer, falleci\u00f3 en<\/strong>\u00a0la Cl\u00ednica Santo Tom\u00e1s del Caribe.<\/p>\n<p>Garavito, a quien se le atribuye la violaci\u00f3n y asesinato de por los menos 172 menores, de los que confes\u00f3 cerca de 140 y de los que hasta el momento se han encontrado los restos de 114, fue reclu\u00eddo en la c\u00e1rcel de\u00a0<strong>La Tramac\u00faa el 12 de septiembre del a\u00f1o 2002<\/strong>, luego de que fue capturado el 4 de abril de 1999.<\/p>\n<p>&#8216;El monstruo de G\u00e9nova&#8217; era otros de los nombres por los cuales se le conoc\u00eda a Garavito, quien dur\u00f3 24 a\u00f1os de prisi\u00f3n. En los \u00faltimos a\u00f1os se rumoraba que podr\u00eda salir de la c\u00e1rcel, esto por cuenta de haber cumplido las 3\/5 partes de su condena y por buen comportamiento.<\/p>\n<\/div>\n<\/div>\n<\/div>\n<div class=\"field__item\">\n<div class=\"paragraph paragraph--type--free-text paragraph--view-mode--default\">\n<div class=\"clearfix text-formatted field field--name-field-free-text field--type-text-long field--label-hidden field__item\">\n<p><strong>Extradici\u00f3n a Ecuador\u00a0<\/strong><\/p>\n<p>Cabe recordar que en el 2012,\u00a0la Corte Suprema de Justicia\u00a0neg\u00f3 la extradici\u00f3n a Ecuador de Garavito, solicitado por el asesinato de dos menores en ese pa\u00eds<\/p>\n<p>La sala penal de la m\u00e1xima instancia de la justicia colombiana sustent\u00f3 su fallo en el hecho de que Garavito ya fue juzgado en Colombia por esos dos cr\u00edmenes y, en consecuencia, no pude ser juzgado dos veces por el mismo delito.<\/p>\n<p>Fuente y Fotograf\u00eda Elnuevosiglo.com<\/p>\n<\/div>\n<\/div>\n<\/div>\n","protected":false},"excerpt":{"rendered":"<p>Luis Alfredo Garavito, asesino y violador de m\u00e1s de 200 ni\u00f1os en Colombia, muri\u00f3 a los 66 a\u00f1os este jueves, seg\u00fan confirm\u00f3 el Instituto Nacional Penitenciario\u00a0(Inpec). El tambi\u00e9n conocido como &#8216;La Bestia&#8217;\u00a0fue condenado a 40 a\u00f1os de prisi\u00f3n por\u00a0acto sexual violento, homicidio, acceso carnal violento,\u00a0secuestro simple, e\u00a0incendio culposo. Garavito se encontraba recluido\u00a0en la c\u00e1rcel de [&hellip;]<\/p>\n","protected":false},"author":3,"featured_media":48722,"comment_status":"open","ping_status":"open","sticky":false,"template":"","format":"standard","meta":{"footnotes":""},"categories":[168,51],"tags":[20206,2659,2485,175,20204,20205,20203,10718,2265,238,10335],"class_list":["post-48721","post","type-post","status-publish","format-standard","has-post-thumbnail","hentry","category-generales","category-nacional","tag-40-anos-de-prision","tag-cancer","tag-fallecio","tag-inpec","tag-instituto-nacional-penitenciario","tag-la-bestia","tag-luis-alfredo-garavito","tag-muere","tag-nacional","tag-radio-noticias-casanare","tag-violador"],"_links":{"self":[{"href":"https:\/\/radionoticiascasanare.com\/inicio\/wp-json\/wp\/v2\/posts\/48721","targetHints":{"allow":["GET"]}}],"collection":[{"href":"https:\/\/radionoticiascasanare.com\/inicio\/wp-json\/wp\/v2\/posts"}],"about":[{"href":"https:\/\/radionoticiascasanare.com\/inicio\/wp-json\/wp\/v2\/types\/post"}],"author":[{"embeddable":true,"href":"https:\/\/radionoticiascasanare.com\/inicio\/wp-json\/wp\/v2\/users\/3"}],"replies":[{"embeddable":true,"href":"https:\/\/radionoticiascasanare.com\/inicio\/wp-json\/wp\/v2\/comments?post=48721"}],"version-history":[{"count":1,"href":"https:\/\/radionoticiascasanare.com\/inicio\/wp-json\/wp\/v2\/posts\/48721\/revisions"}],"predecessor-version":[{"id":48723,"href":"https:\/\/radionoticiascasanare.com\/inicio\/wp-json\/wp\/v2\/posts\/48721\/revisions\/48723"}],"wp:featuredmedia":[{"embeddable":true,"href":"https:\/\/radionoticiascasanare.com\/inicio\/wp-json\/wp\/v2\/media\/48722"}],"wp:attachment":[{"href":"https:\/\/radionoticiascasanare.com\/inicio\/wp-json\/wp\/v2\/media?parent=48721"}],"wp:term":[{"taxonomy":"category","embeddable":true,"href":"https:\/\/radionoticiascasanare.com\/inicio\/wp-json\/wp\/v2\/categories?post=48721"},{"taxonomy":"post_tag","embeddable":true,"href":"https:\/\/radionoticiascasanare.com\/inicio\/wp-json\/wp\/v2\/tags?post=48721"}],"curies":[{"name":"wp","href":"https:\/\/api.w.org\/{rel}","templated":true}]}}