{"id":48758,"date":"2023-10-17T06:44:16","date_gmt":"2023-10-17T11:44:16","guid":{"rendered":"https:\/\/radionoticiascasanare.com\/inicio\/?p=48758"},"modified":"2023-10-17T06:44:16","modified_gmt":"2023-10-17T11:44:16","slug":"con-obras-de-teatro-se-conmemoraron-los-70-anos-de-la-entrega-de-armas-en-monterrey","status":"publish","type":"post","link":"https:\/\/radionoticiascasanare.com\/inicio\/con-obras-de-teatro-se-conmemoraron-los-70-anos-de-la-entrega-de-armas-en-monterrey\/","title":{"rendered":"Con obras de teatro, se conmemoraron los 70 a\u00f1os de la entrega de armas en Monterrey\u00a0"},"content":{"rendered":"<p><span style=\"font-family: Segoe UI Emoji, sans-serif;\"><img fetchpriority=\"high\" decoding=\"async\" class=\"size-medium wp-image-48759 alignleft\" src=\"https:\/\/radionoticiascasanare.com\/inicio\/wp-content\/uploads\/2023\/10\/JPS_8354-300x200.jpg\" alt=\"\" width=\"300\" height=\"200\" srcset=\"https:\/\/radionoticiascasanare.com\/inicio\/wp-content\/uploads\/2023\/10\/JPS_8354-300x200.jpg 300w, https:\/\/radionoticiascasanare.com\/inicio\/wp-content\/uploads\/2023\/10\/JPS_8354-1024x683.jpg 1024w, https:\/\/radionoticiascasanare.com\/inicio\/wp-content\/uploads\/2023\/10\/JPS_8354-768x512.jpg 768w, https:\/\/radionoticiascasanare.com\/inicio\/wp-content\/uploads\/2023\/10\/JPS_8354-1536x1024.jpg 1536w, https:\/\/radionoticiascasanare.com\/inicio\/wp-content\/uploads\/2023\/10\/JPS_8354-2048x1365.jpg 2048w\" sizes=\"(max-width: 300px) 100vw, 300px\" \/>Aplausos y felicitaciones recibieron los j\u00f3venes del grupo de teatro El Olimpo, del Instituto T\u00e9cnico Ambiental San Mateo (semillero\u00a0<\/span><span style=\"font-family: Segoe UI Emoji, sans-serif;\">de la<\/span>\u00a0Corporaci\u00f3n\u00a0 Cultural Guadalupe\u00a0<span style=\"font-family: Segoe UI Emoji, sans-serif;\">de Yopal), por su representaci\u00f3n de &#8216;Memorias de la Revoluci\u00f3n del Llano&#8217;, en el marco de la conmemoraci\u00f3n de los 70 a\u00f1os de la entrega de armas de las guerrillas liberales en Monterrey; actividad organizada por Astum con el movimiento de caminantes, el fin de semana<\/span>.<\/p>\n<p><span style=\"font-family: Segoe UI Emoji, sans-serif;\">En su primera presentaci\u00f3n, los nuevos artistas en formaci\u00f3n demostraron su talento y c\u00f3mo se puede construir memoria hist\u00f3rica a trav\u00e9s del teatro, dejando una buena impresi\u00f3n en los asistentes al evento. Junto a ellos se estuvo presentando el Colectivo Guadalupe, con la obra &#8216;Lis\u00edstrata en los Llanos&#8217; que tambi\u00e9n lleva un mensaje de paz para esta regi\u00f3n.<\/span><\/p>\n<p><span style=\"font-family: Segoe UI Emoji, sans-serif;\">&#8220;Mi experiencia en el teatro ha sido impresionante. No sab\u00eda c\u00f3mo ser\u00eda el p\u00fablico, me gust\u00f3 demasiado imitar a varios personajes, aunque estuve nerviosa en la presentaci\u00f3n. En la obra en Monterrey, fue perfecto, una experiencia que nunca hab\u00eda tenido en la vida, algo muy grande para m\u00ed&#8230;antes no sab\u00eda nada del trabajo de una actriz, me encanta&#8221;, expres\u00f3 la joven Karen Lorena Bello, una de las actrices principales del semillero de teatro.<\/span><\/p>\n<p><span style=\"font-family: Segoe UI Emoji, sans-serif;\">Ambos grupos estar\u00e1n participando dentro de la programaci\u00f3n del Festival de Teatro Guadalupe, segunda versi\u00f3n, que se realizar\u00e1 del 31 de octubre al 3 de noviembre del 2023, en los auditorios de la Casa de la Mujer y La Tr\u00edada, en Yopal.<\/span><\/p>\n<p>Fuente y Fotograf\u00eda Colectivo Cultural Guadalupe<\/p>\n","protected":false},"excerpt":{"rendered":"<p>Aplausos y felicitaciones recibieron los j\u00f3venes del grupo de teatro El Olimpo, del Instituto T\u00e9cnico Ambiental San Mateo (semillero\u00a0de la\u00a0Corporaci\u00f3n\u00a0 Cultural Guadalupe\u00a0de Yopal), por su representaci\u00f3n de &#8216;Memorias de la Revoluci\u00f3n del Llano&#8217;, en el marco de la conmemoraci\u00f3n de los 70 a\u00f1os de la entrega de armas de las guerrillas liberales en Monterrey; actividad [&hellip;]<\/p>\n","protected":false},"author":3,"featured_media":48759,"comment_status":"open","ping_status":"open","sticky":false,"template":"","format":"standard","meta":{"footnotes":""},"categories":[2,18,66,8492,8493,132,9680],"tags":[20220,3,20221,790,20218,20219,238,16],"class_list":["post-48758","post","type-post","status-publish","format-standard","has-post-thumbnail","hentry","category-casanare","category-cultura","category-destacadas","category-noticias-casanare","category-noticias-de-casanare","category-orinoquia","category-region","tag-70-anos-de-la-entrega-de-armas-de-las-guerrillas-liberales-en-monterrey","tag-casanare","tag-colectivo-guadalupe","tag-conmemoracion","tag-corporacion-cultural-guadalupe","tag-memorias-de-la-revolucion-del-llano","tag-radio-noticias-casanare","tag-yopal"],"_links":{"self":[{"href":"https:\/\/radionoticiascasanare.com\/inicio\/wp-json\/wp\/v2\/posts\/48758","targetHints":{"allow":["GET"]}}],"collection":[{"href":"https:\/\/radionoticiascasanare.com\/inicio\/wp-json\/wp\/v2\/posts"}],"about":[{"href":"https:\/\/radionoticiascasanare.com\/inicio\/wp-json\/wp\/v2\/types\/post"}],"author":[{"embeddable":true,"href":"https:\/\/radionoticiascasanare.com\/inicio\/wp-json\/wp\/v2\/users\/3"}],"replies":[{"embeddable":true,"href":"https:\/\/radionoticiascasanare.com\/inicio\/wp-json\/wp\/v2\/comments?post=48758"}],"version-history":[{"count":1,"href":"https:\/\/radionoticiascasanare.com\/inicio\/wp-json\/wp\/v2\/posts\/48758\/revisions"}],"predecessor-version":[{"id":48760,"href":"https:\/\/radionoticiascasanare.com\/inicio\/wp-json\/wp\/v2\/posts\/48758\/revisions\/48760"}],"wp:featuredmedia":[{"embeddable":true,"href":"https:\/\/radionoticiascasanare.com\/inicio\/wp-json\/wp\/v2\/media\/48759"}],"wp:attachment":[{"href":"https:\/\/radionoticiascasanare.com\/inicio\/wp-json\/wp\/v2\/media?parent=48758"}],"wp:term":[{"taxonomy":"category","embeddable":true,"href":"https:\/\/radionoticiascasanare.com\/inicio\/wp-json\/wp\/v2\/categories?post=48758"},{"taxonomy":"post_tag","embeddable":true,"href":"https:\/\/radionoticiascasanare.com\/inicio\/wp-json\/wp\/v2\/tags?post=48758"}],"curies":[{"name":"wp","href":"https:\/\/api.w.org\/{rel}","templated":true}]}}