{"id":48862,"date":"2023-10-23T06:57:27","date_gmt":"2023-10-23T11:57:27","guid":{"rendered":"https:\/\/radionoticiascasanare.com\/inicio\/?p=48862"},"modified":"2023-10-23T06:57:27","modified_gmt":"2023-10-23T11:57:27","slug":"investigan-a-policia-que-subio-una-moto-a-transmilenio","status":"publish","type":"post","link":"https:\/\/radionoticiascasanare.com\/inicio\/investigan-a-policia-que-subio-una-moto-a-transmilenio\/","title":{"rendered":"Investigan a polic\u00eda que subi\u00f3 una moto a Transmilenio"},"content":{"rendered":"<div class=\"field__item\">\n<div class=\"paragraph paragraph--type--free-text paragraph--view-mode--default\">\n<div class=\"clearfix text-formatted field field--name-field-free-text field--type-text-long field--label-hidden field__item\">\n<figure id=\"attachment_48870\" aria-describedby=\"caption-attachment-48870\" style=\"width: 300px\" class=\"wp-caption alignleft\"><img decoding=\"async\" class=\"size-medium wp-image-48870\" src=\"https:\/\/radionoticiascasanare.com\/inicio\/wp-content\/uploads\/2023\/10\/policias-300x150.jpg\" alt=\"\" width=\"300\" height=\"150\" srcset=\"https:\/\/radionoticiascasanare.com\/inicio\/wp-content\/uploads\/2023\/10\/policias-300x150.jpg 300w, https:\/\/radionoticiascasanare.com\/inicio\/wp-content\/uploads\/2023\/10\/policias-768x384.jpg 768w, https:\/\/radionoticiascasanare.com\/inicio\/wp-content\/uploads\/2023\/10\/policias.jpg 786w\" sizes=\"(max-width: 300px) 100vw, 300px\" \/><figcaption id=\"caption-attachment-48870\" class=\"wp-caption-text\">Redes sociales-elnuevosiglo.com<\/figcaption><\/figure>\n<p>Una indagaci\u00f3n preliminar abri\u00f3 la\u00a0Polic\u00eda Metropolitana de Bogot\u00e1 en contra de uniformado que aparentemente subi\u00f3 una moto a TransMilenio. Este hecho se conoci\u00f3 por un motociclista que subi\u00f3 las im\u00e1genes del polic\u00eda a las redes sociales.<\/p>\n<p>A trav\u00e9s de un comunicado de prensa, la instituci\u00f3n se\u00f1al\u00f3 que investigar\u00e1 el caso con el fin de establecer las circunstancias de tiempo, modo y lugar, y de ser cierto lo que circula en redes sociales realizar\u00e1 las sanciones correspondientes.<\/p>\n<p><strong>&#8220;Conforme a las directrices de la Polic\u00eda de Integridad Policial dispuesta por la Instituci\u00f3n, se procede con absoluta determinaci\u00f3n, ante cualquier comportamiento contrario a la misi\u00f3n constituciona<\/strong>l&#8221;, indicaron las autoridades.<\/p>\n<\/div>\n<\/div>\n<\/div>\n<div class=\"field__item\">\n<div class=\"paragraph paragraph--type--free-text paragraph--view-mode--default\">\n<div class=\"clearfix text-formatted field field--name-field-free-text field--type-text-long field--label-hidden field__item\">\n<p>Del mismo modo, la Polic\u00eda se\u00f1al\u00f3 que seguir\u00e1 trabajando &#8220;por la seguridad y convivencia de los colaboradores y usuarios del transporte masivo&#8221;.<\/p>\n<div class=\"twitter-tweet twitter-tweet-rendered\"><iframe id=\"twitter-widget-0\" class=\"\" title=\"Twitter Tweet\" src=\"https:\/\/platform.twitter.com\/embed\/Tweet.html?creatorScreenName=elnuevosiglo&amp;dnt=false&amp;embedId=twitter-widget-0&amp;features=eyJ0ZndfdGltZWxpbmVfbGlzdCI6eyJidWNrZXQiOltdLCJ2ZXJzaW9uIjpudWxsfSwidGZ3X2ZvbGxvd2VyX2NvdW50X3N1bnNldCI6eyJidWNrZXQiOnRydWUsInZlcnNpb24iOm51bGx9LCJ0ZndfdHdlZXRfZWRpdF9iYWNrZW5kIjp7ImJ1Y2tldCI6Im9uIiwidmVyc2lvbiI6bnVsbH0sInRmd19yZWZzcmNfc2Vzc2lvbiI6eyJidWNrZXQiOiJvbiIsInZlcnNpb24iOm51bGx9LCJ0ZndfZm9zbnJfc29mdF9pbnRlcnZlbnRpb25zX2VuYWJsZWQiOnsiYnVja2V0Ijoib24iLCJ2ZXJzaW9uIjpudWxsfSwidGZ3X21peGVkX21lZGlhXzE1ODk3Ijp7ImJ1Y2tldCI6InRyZWF0bWVudCIsInZlcnNpb24iOm51bGx9LCJ0ZndfZXhwZXJpbWVudHNfY29va2llX2V4cGlyYXRpb24iOnsiYnVja2V0IjoxMjA5NjAwLCJ2ZXJzaW9uIjpudWxsfSwidGZ3X3Nob3dfYmlyZHdhdGNoX3Bpdm90c19lbmFibGVkIjp7ImJ1Y2tldCI6Im9uIiwidmVyc2lvbiI6bnVsbH0sInRmd19kdXBsaWNhdGVfc2NyaWJlc190b19zZXR0aW5ncyI6eyJidWNrZXQiOiJvbiIsInZlcnNpb24iOm51bGx9LCJ0ZndfdXNlX3Byb2ZpbGVfaW1hZ2Vfc2hhcGVfZW5hYmxlZCI6eyJidWNrZXQiOiJvbiIsInZlcnNpb24iOm51bGx9LCJ0ZndfdmlkZW9faGxzX2R5bmFtaWNfbWFuaWZlc3RzXzE1MDgyIjp7ImJ1Y2tldCI6InRydWVfYml0cmF0ZSIsInZlcnNpb24iOm51bGx9LCJ0ZndfbGVnYWN5X3RpbWVsaW5lX3N1bnNldCI6eyJidWNrZXQiOnRydWUsInZlcnNpb24iOm51bGx9LCJ0ZndfdHdlZXRfZWRpdF9mcm9udGVuZCI6eyJidWNrZXQiOiJvbiIsInZlcnNpb24iOm51bGx9fQ%3D%3D&amp;frame=false&amp;hideCard=false&amp;hideThread=false&amp;id=1716113156240527647&amp;lang=es&amp;origin=http%3A%2F%2Fwww.elnuevosiglo.com.co%2Fnacion%2Finvestigan-policia-que-subio-una-moto-transmilenio&amp;sessionId=48bd472e06da51169c7344b1c54cee442d398056&amp;siteScreenName=elnuevosiglo&amp;theme=light&amp;widgetsVersion=01917f4d1d4cb%3A1696883169554&amp;width=550px\" frameborder=\"0\" scrolling=\"no\" allowfullscreen=\"allowfullscreen\" data-tweet-id=\"1716113156240527647\" data-mce-fragment=\"1\"><\/iframe><\/div>\n<p>Cabe recordar que esta no es la primera situaci\u00f3n similar que ocurre dentro de Transmilenio, recientemente un hombre que se var\u00f3 decidi\u00f3 subir su moto al sistema de transporte p\u00fablico, tiempo despu\u00e9s fue retenido por un Polic\u00eda<\/p>\n<div class=\"twitter-tweet twitter-tweet-rendered\"><iframe id=\"twitter-widget-1\" class=\"\" title=\"Twitter Tweet\" src=\"https:\/\/platform.twitter.com\/embed\/Tweet.html?creatorScreenName=elnuevosiglo&amp;dnt=false&amp;embedId=twitter-widget-1&amp;features=eyJ0ZndfdGltZWxpbmVfbGlzdCI6eyJidWNrZXQiOltdLCJ2ZXJzaW9uIjpudWxsfSwidGZ3X2ZvbGxvd2VyX2NvdW50X3N1bnNldCI6eyJidWNrZXQiOnRydWUsInZlcnNpb24iOm51bGx9LCJ0ZndfdHdlZXRfZWRpdF9iYWNrZW5kIjp7ImJ1Y2tldCI6Im9uIiwidmVyc2lvbiI6bnVsbH0sInRmd19yZWZzcmNfc2Vzc2lvbiI6eyJidWNrZXQiOiJvbiIsInZlcnNpb24iOm51bGx9LCJ0ZndfZm9zbnJfc29mdF9pbnRlcnZlbnRpb25zX2VuYWJsZWQiOnsiYnVja2V0Ijoib24iLCJ2ZXJzaW9uIjpudWxsfSwidGZ3X21peGVkX21lZGlhXzE1ODk3Ijp7ImJ1Y2tldCI6InRyZWF0bWVudCIsInZlcnNpb24iOm51bGx9LCJ0ZndfZXhwZXJpbWVudHNfY29va2llX2V4cGlyYXRpb24iOnsiYnVja2V0IjoxMjA5NjAwLCJ2ZXJzaW9uIjpudWxsfSwidGZ3X3Nob3dfYmlyZHdhdGNoX3Bpdm90c19lbmFibGVkIjp7ImJ1Y2tldCI6Im9uIiwidmVyc2lvbiI6bnVsbH0sInRmd19kdXBsaWNhdGVfc2NyaWJlc190b19zZXR0aW5ncyI6eyJidWNrZXQiOiJvbiIsInZlcnNpb24iOm51bGx9LCJ0ZndfdXNlX3Byb2ZpbGVfaW1hZ2Vfc2hhcGVfZW5hYmxlZCI6eyJidWNrZXQiOiJvbiIsInZlcnNpb24iOm51bGx9LCJ0ZndfdmlkZW9faGxzX2R5bmFtaWNfbWFuaWZlc3RzXzE1MDgyIjp7ImJ1Y2tldCI6InRydWVfYml0cmF0ZSIsInZlcnNpb24iOm51bGx9LCJ0ZndfbGVnYWN5X3RpbWVsaW5lX3N1bnNldCI6eyJidWNrZXQiOnRydWUsInZlcnNpb24iOm51bGx9LCJ0ZndfdHdlZXRfZWRpdF9mcm9udGVuZCI6eyJidWNrZXQiOiJvbiIsInZlcnNpb24iOm51bGx9fQ%3D%3D&amp;frame=false&amp;hideCard=false&amp;hideThread=false&amp;id=1659180192240136192&amp;lang=es&amp;origin=http%3A%2F%2Fwww.elnuevosiglo.com.co%2Fnacion%2Finvestigan-policia-que-subio-una-moto-transmilenio&amp;sessionId=48bd472e06da51169c7344b1c54cee442d398056&amp;siteScreenName=elnuevosiglo&amp;theme=light&amp;widgetsVersion=01917f4d1d4cb%3A1696883169554&amp;width=550px\" frameborder=\"0\" scrolling=\"no\" allowfullscreen=\"allowfullscreen\" data-tweet-id=\"1659180192240136192\" data-mce-fragment=\"1\"><\/iframe><\/div>\n<p>Al conductor le impusieron tres comparendos, uno por\u00a0evasi\u00f3n del pago del pasaje, otro por comportamientos inadecuados en TransMilenio y el \u00faltimo por subir la moto al articulado. El veh\u00edculo fue llevado a los patios.<\/p>\n<p>Fuente y Fotograf\u00eda Elnuevosiglo.com<\/p>\n<\/div>\n<\/div>\n<\/div>\n","protected":false},"excerpt":{"rendered":"<p>Una indagaci\u00f3n preliminar abri\u00f3 la\u00a0Polic\u00eda Metropolitana de Bogot\u00e1 en contra de uniformado que aparentemente subi\u00f3 una moto a TransMilenio. Este hecho se conoci\u00f3 por un motociclista que subi\u00f3 las im\u00e1genes del polic\u00eda a las redes sociales. A trav\u00e9s de un comunicado de prensa, la instituci\u00f3n se\u00f1al\u00f3 que investigar\u00e1 el caso con el fin de establecer [&hellip;]<\/p>\n","protected":false},"author":3,"featured_media":48870,"comment_status":"open","ping_status":"open","sticky":false,"template":"","format":"standard","meta":{"footnotes":""},"categories":[168,51],"tags":[60,9361,2265,19413,238,2732,3891,3535,20300],"class_list":["post-48862","post","type-post","status-publish","format-standard","has-post-thumbnail","hentry","category-generales","category-nacional","tag-bogota","tag-moto","tag-nacional","tag-policia-metropolitana","tag-radio-noticias-casanare","tag-redes-sociales","tag-sanciones","tag-transmilenio","tag-uniformado"],"_links":{"self":[{"href":"https:\/\/radionoticiascasanare.com\/inicio\/wp-json\/wp\/v2\/posts\/48862","targetHints":{"allow":["GET"]}}],"collection":[{"href":"https:\/\/radionoticiascasanare.com\/inicio\/wp-json\/wp\/v2\/posts"}],"about":[{"href":"https:\/\/radionoticiascasanare.com\/inicio\/wp-json\/wp\/v2\/types\/post"}],"author":[{"embeddable":true,"href":"https:\/\/radionoticiascasanare.com\/inicio\/wp-json\/wp\/v2\/users\/3"}],"replies":[{"embeddable":true,"href":"https:\/\/radionoticiascasanare.com\/inicio\/wp-json\/wp\/v2\/comments?post=48862"}],"version-history":[{"count":1,"href":"https:\/\/radionoticiascasanare.com\/inicio\/wp-json\/wp\/v2\/posts\/48862\/revisions"}],"predecessor-version":[{"id":48872,"href":"https:\/\/radionoticiascasanare.com\/inicio\/wp-json\/wp\/v2\/posts\/48862\/revisions\/48872"}],"wp:featuredmedia":[{"embeddable":true,"href":"https:\/\/radionoticiascasanare.com\/inicio\/wp-json\/wp\/v2\/media\/48870"}],"wp:attachment":[{"href":"https:\/\/radionoticiascasanare.com\/inicio\/wp-json\/wp\/v2\/media?parent=48862"}],"wp:term":[{"taxonomy":"category","embeddable":true,"href":"https:\/\/radionoticiascasanare.com\/inicio\/wp-json\/wp\/v2\/categories?post=48862"},{"taxonomy":"post_tag","embeddable":true,"href":"https:\/\/radionoticiascasanare.com\/inicio\/wp-json\/wp\/v2\/tags?post=48862"}],"curies":[{"name":"wp","href":"https:\/\/api.w.org\/{rel}","templated":true}]}}